{"id":4245,"date":"2019-04-09T11:34:44","date_gmt":"2019-04-09T14:34:44","guid":{"rendered":"https:\/\/metroarquitetos.com.br\/o-parque-augusta-vai-sair-do-papel\/"},"modified":"2019-10-22T16:58:23","modified_gmt":"2019-10-22T19:58:23","slug":"o-parque-augusta-vai-sair-do-papel","status":"publish","type":"post","link":"https:\/\/metroarquitetos.com.br\/en\/news\/o-parque-augusta-vai-sair-do-papel\/","title":{"rendered":"o parque augusta vai sair do papel"},"content":{"rendered":"<p>On April 6, Mayor S\u00e3o Saulo signed the transfer of the land of the future Parque Augusta and the works should start soon.<\/p>\n<p>We participated together with the movements of civil society and city councils in the creation of the park program and general implementation guidelines. Our proposal was the basis for the preparation, by the city itself, of the preliminary study that should be developed by the construction companies responsible for the execution.<\/p>\n<p>read more:<a href=\"https:\/\/www1.folha.uol.com.br\/cotidiano\/2019\/04\/bruno-covas-assina-escritura-do-futuro-parque-augusta-em-sp.shtml\">\u00a0https:\/\/www1.folha.uol.com.br\/cotidiano\/2019\/04\/bruno-covas-assina-escritura-do-futuro-parque-augusta-em-sp.shtml<\/a><\/p>\n<div class=\"tiles clearfix\"><div class=\"items post-slider basic-slider owl-carousel\">\n\t\t\t        <div class=\"item\">\n\t\t\t\t        <figure class=\"overlay\">\n\t\t\t\t\t        <a class=\"lgitem background-image\" href=\"https:\/\/metroarquitetos.com.br\/wp-content\/uploads\/2019\/04\/86f6b9de-49de-4a94-b0a4-b70bfdc767fc.jpg\" data-sub-html=\"#caption2870\">\n\t\t\t\t\t       \t\t<img loading=\"lazy\" decoding=\"async\" width=\"1080\" height=\"871\" src=\"https:\/\/metroarquitetos.com.br\/wp-content\/uploads\/2019\/04\/86f6b9de-49de-4a94-b0a4-b70bfdc767fc.jpg\" class=\"attachment-large size-large\" alt=\"parque augusta metro arquitetos 1\" srcset=\"https:\/\/metroarquitetos.com.br\/wp-content\/uploads\/2019\/04\/86f6b9de-49de-4a94-b0a4-b70bfdc767fc.jpg 1080w, https:\/\/metroarquitetos.com.br\/wp-content\/uploads\/2019\/04\/86f6b9de-49de-4a94-b0a4-b70bfdc767fc-600x484.jpg 600w, https:\/\/metroarquitetos.com.br\/wp-content\/uploads\/2019\/04\/86f6b9de-49de-4a94-b0a4-b70bfdc767fc-750x605.jpg 750w, https:\/\/metroarquitetos.com.br\/wp-content\/uploads\/2019\/04\/86f6b9de-49de-4a94-b0a4-b70bfdc767fc-768x619.jpg 768w, https:\/\/metroarquitetos.com.br\/wp-content\/uploads\/2019\/04\/86f6b9de-49de-4a94-b0a4-b70bfdc767fc-500x403.jpg 500w\" sizes=\"auto, (max-width: 1080px) 100vw, 1080px\" \/>\n\t\t\t\t\t        <\/a>\n\t\t\t\t        <\/figure>\n\t\t\t\t        <div id=\"caption2870\" class=\"hidden\">\n\t\t\t\t       \t\t<p><\/p>\n\t\t\t\t        <\/div>\n\t\t\t        <\/div>\n\t\t        \n\t\t\t        <div class=\"item\">\n\t\t\t\t        <figure class=\"overlay\">\n\t\t\t\t\t        <a class=\"lgitem background-image\" href=\"https:\/\/metroarquitetos.com.br\/wp-content\/uploads\/2019\/04\/88fd0695-bb8f-45be-8568-f96dd9d50558.jpg\" data-sub-html=\"#caption2872\">\n\t\t\t\t\t       \t\t<img loading=\"lazy\" decoding=\"async\" width=\"1081\" height=\"1120\" src=\"https:\/\/metroarquitetos.com.br\/wp-content\/uploads\/2019\/04\/88fd0695-bb8f-45be-8568-f96dd9d50558-1081x1120.jpg\" class=\"attachment-large size-large\" alt=\"parque augusta metro arquitetos 3\" srcset=\"https:\/\/metroarquitetos.com.br\/wp-content\/uploads\/2019\/04\/88fd0695-bb8f-45be-8568-f96dd9d50558-1081x1120.jpg 1081w, https:\/\/metroarquitetos.com.br\/wp-content\/uploads\/2019\/04\/88fd0695-bb8f-45be-8568-f96dd9d50558-600x622.jpg 600w, https:\/\/metroarquitetos.com.br\/wp-content\/uploads\/2019\/04\/88fd0695-bb8f-45be-8568-f96dd9d50558-724x750.jpg 724w, https:\/\/metroarquitetos.com.br\/wp-content\/uploads\/2019\/04\/88fd0695-bb8f-45be-8568-f96dd9d50558-768x796.jpg 768w, https:\/\/metroarquitetos.com.br\/wp-content\/uploads\/2019\/04\/88fd0695-bb8f-45be-8568-f96dd9d50558-500x518.jpg 500w, https:\/\/metroarquitetos.com.br\/wp-content\/uploads\/2019\/04\/88fd0695-bb8f-45be-8568-f96dd9d50558.jpg 1235w\" sizes=\"auto, (max-width: 1081px) 100vw, 1081px\" \/>\n\t\t\t\t\t        <\/a>\n\t\t\t\t        <\/figure>\n\t\t\t\t        <div id=\"caption2872\" class=\"hidden\">\n\t\t\t\t       \t\t<p><\/p>\n\t\t\t\t        <\/div>\n\t\t\t        <\/div>\n\t\t        \n\t\t\t        <div class=\"item\">\n\t\t\t\t        <figure class=\"overlay\">\n\t\t\t\t\t        <a class=\"lgitem background-image\" href=\"https:\/\/metroarquitetos.com.br\/wp-content\/uploads\/2019\/04\/46208a50-d452-4fa0-9891-49914b1562e4.jpg\" data-sub-html=\"#caption2874\">\n\t\t\t\t\t       \t\t<img loading=\"lazy\" decoding=\"async\" width=\"1073\" height=\"1120\" src=\"https:\/\/metroarquitetos.com.br\/wp-content\/uploads\/2019\/04\/46208a50-d452-4fa0-9891-49914b1562e4-1073x1120.jpg\" class=\"attachment-large size-large\" alt=\"parque augusta metro arquitetos 4\" srcset=\"https:\/\/metroarquitetos.com.br\/wp-content\/uploads\/2019\/04\/46208a50-d452-4fa0-9891-49914b1562e4-1073x1120.jpg 1073w, https:\/\/metroarquitetos.com.br\/wp-content\/uploads\/2019\/04\/46208a50-d452-4fa0-9891-49914b1562e4-600x626.jpg 600w, https:\/\/metroarquitetos.com.br\/wp-content\/uploads\/2019\/04\/46208a50-d452-4fa0-9891-49914b1562e4-718x750.jpg 718w, https:\/\/metroarquitetos.com.br\/wp-content\/uploads\/2019\/04\/46208a50-d452-4fa0-9891-49914b1562e4-768x802.jpg 768w, https:\/\/metroarquitetos.com.br\/wp-content\/uploads\/2019\/04\/46208a50-d452-4fa0-9891-49914b1562e4-500x522.jpg 500w, https:\/\/metroarquitetos.com.br\/wp-content\/uploads\/2019\/04\/46208a50-d452-4fa0-9891-49914b1562e4.jpg 1226w\" sizes=\"auto, (max-width: 1073px) 100vw, 1073px\" \/>\n\t\t\t\t\t        <\/a>\n\t\t\t\t        <\/figure>\n\t\t\t\t        <div id=\"caption2874\" class=\"hidden\">\n\t\t\t\t       \t\t<p><\/p>\n\t\t\t\t        <\/div>\n\t\t\t        <\/div>\n\t\t        \n\t\t\t        <div class=\"item\">\n\t\t\t\t        <figure class=\"overlay\">\n\t\t\t\t\t        <a class=\"lgitem background-image\" href=\"https:\/\/metroarquitetos.com.br\/wp-content\/uploads\/2019\/04\/f2e893a2-c0d3-46a2-b9f5-94c3c87e1df5.jpg\" data-sub-html=\"#caption2880\">\n\t\t\t\t\t       \t\t<img loading=\"lazy\" decoding=\"async\" width=\"1120\" height=\"919\" src=\"https:\/\/metroarquitetos.com.br\/wp-content\/uploads\/2019\/04\/f2e893a2-c0d3-46a2-b9f5-94c3c87e1df5-1120x919.jpg\" class=\"attachment-large size-large\" alt=\"parque augusta metro arquitetos 2\" srcset=\"https:\/\/metroarquitetos.com.br\/wp-content\/uploads\/2019\/04\/f2e893a2-c0d3-46a2-b9f5-94c3c87e1df5-1120x919.jpg 1120w, https:\/\/metroarquitetos.com.br\/wp-content\/uploads\/2019\/04\/f2e893a2-c0d3-46a2-b9f5-94c3c87e1df5-600x492.jpg 600w, https:\/\/metroarquitetos.com.br\/wp-content\/uploads\/2019\/04\/f2e893a2-c0d3-46a2-b9f5-94c3c87e1df5-750x615.jpg 750w, https:\/\/metroarquitetos.com.br\/wp-content\/uploads\/2019\/04\/f2e893a2-c0d3-46a2-b9f5-94c3c87e1df5-768x630.jpg 768w, https:\/\/metroarquitetos.com.br\/wp-content\/uploads\/2019\/04\/f2e893a2-c0d3-46a2-b9f5-94c3c87e1df5-500x410.jpg 500w, https:\/\/metroarquitetos.com.br\/wp-content\/uploads\/2019\/04\/f2e893a2-c0d3-46a2-b9f5-94c3c87e1df5.jpg 1280w\" sizes=\"auto, (max-width: 1120px) 100vw, 1120px\" \/>\n\t\t\t\t\t        <\/a>\n\t\t\t\t        <\/figure>\n\t\t\t\t        <div id=\"caption2880\" class=\"hidden\">\n\t\t\t\t       \t\t<p><\/p>\n\t\t\t\t        <\/div>\n\t\t\t        <\/div>\n\t\t        \n\t\t\t        <div class=\"item\">\n\t\t\t\t        <figure class=\"overlay\">\n\t\t\t\t\t        <a class=\"lgitem background-image\" href=\"https:\/\/metroarquitetos.com.br\/wp-content\/uploads\/2019\/04\/49e92c6b-4866-4282-b1b4-d88d55254c62.jpg\" data-sub-html=\"#caption2868\">\n\t\t\t\t\t       \t\t<img loading=\"lazy\" decoding=\"async\" width=\"1076\" height=\"1120\" src=\"https:\/\/metroarquitetos.com.br\/wp-content\/uploads\/2019\/04\/49e92c6b-4866-4282-b1b4-d88d55254c62-1076x1120.jpg\" class=\"attachment-large size-large\" alt=\"parque augusta metro arquitetos 1\" srcset=\"https:\/\/metroarquitetos.com.br\/wp-content\/uploads\/2019\/04\/49e92c6b-4866-4282-b1b4-d88d55254c62-1076x1120.jpg 1076w, https:\/\/metroarquitetos.com.br\/wp-content\/uploads\/2019\/04\/49e92c6b-4866-4282-b1b4-d88d55254c62-600x624.jpg 600w, https:\/\/metroarquitetos.com.br\/wp-content\/uploads\/2019\/04\/49e92c6b-4866-4282-b1b4-d88d55254c62-721x750.jpg 721w, https:\/\/metroarquitetos.com.br\/wp-content\/uploads\/2019\/04\/49e92c6b-4866-4282-b1b4-d88d55254c62-768x799.jpg 768w, https:\/\/metroarquitetos.com.br\/wp-content\/uploads\/2019\/04\/49e92c6b-4866-4282-b1b4-d88d55254c62-500x520.jpg 500w, https:\/\/metroarquitetos.com.br\/wp-content\/uploads\/2019\/04\/49e92c6b-4866-4282-b1b4-d88d55254c62.jpg 1230w\" sizes=\"auto, (max-width: 1076px) 100vw, 1076px\" \/>\n\t\t\t\t\t        <\/a>\n\t\t\t\t        <\/figure>\n\t\t\t\t        <div id=\"caption2868\" class=\"hidden\">\n\t\t\t\t       \t\t<p><\/p>\n\t\t\t\t        <\/div>\n\t\t\t        <\/div>\n\t\t        \n\t\t\t        <div class=\"item\">\n\t\t\t\t        <figure class=\"overlay\">\n\t\t\t\t\t        <a class=\"lgitem background-image\" href=\"https:\/\/metroarquitetos.com.br\/wp-content\/uploads\/2019\/04\/374607e5-1249-47f4-b26d-8e735b0de0ca.jpg\" data-sub-html=\"#caption2876\">\n\t\t\t\t\t       \t\t<img loading=\"lazy\" decoding=\"async\" width=\"1060\" height=\"1120\" src=\"https:\/\/metroarquitetos.com.br\/wp-content\/uploads\/2019\/04\/374607e5-1249-47f4-b26d-8e735b0de0ca-1060x1120.jpg\" class=\"attachment-large size-large\" alt=\"parque augusta metro arquitetos 5\" srcset=\"https:\/\/metroarquitetos.com.br\/wp-content\/uploads\/2019\/04\/374607e5-1249-47f4-b26d-8e735b0de0ca-1060x1120.jpg 1060w, https:\/\/metroarquitetos.com.br\/wp-content\/uploads\/2019\/04\/374607e5-1249-47f4-b26d-8e735b0de0ca-600x634.jpg 600w, https:\/\/metroarquitetos.com.br\/wp-content\/uploads\/2019\/04\/374607e5-1249-47f4-b26d-8e735b0de0ca-710x750.jpg 710w, https:\/\/metroarquitetos.com.br\/wp-content\/uploads\/2019\/04\/374607e5-1249-47f4-b26d-8e735b0de0ca-768x812.jpg 768w, https:\/\/metroarquitetos.com.br\/wp-content\/uploads\/2019\/04\/374607e5-1249-47f4-b26d-8e735b0de0ca-500x528.jpg 500w, https:\/\/metroarquitetos.com.br\/wp-content\/uploads\/2019\/04\/374607e5-1249-47f4-b26d-8e735b0de0ca.jpg 1211w\" sizes=\"auto, (max-width: 1060px) 100vw, 1060px\" \/>\n\t\t\t\t\t        <\/a>\n\t\t\t\t        <\/figure>\n\t\t\t\t        <div id=\"caption2876\" class=\"hidden\">\n\t\t\t\t       \t\t<p><\/p>\n\t\t\t\t        <\/div>\n\t\t\t        <\/div>\n\t\t        <\/div><\/div>\n","protected":false},"excerpt":{"rendered":"<p>On April 6, Mayor S\u00e3o Saulo signed the transfer of the land of the future Parque Augusta and the works should start soon. We participated together with the movements of civil society and city councils in the creation of the park program and general implementation guidelines. Our proposal was the basis for the preparation, by&#8230;<\/p>\n","protected":false},"author":3,"featured_media":2878,"comment_status":"closed","ping_status":"closed","sticky":true,"template":"","format":"standard","meta":{"footnotes":""},"categories":[44],"tags":[487],"class_list":["post-4245","post","type-post","status-publish","format-standard","has-post-thumbnail","hentry","category-news","tag-news"],"yoast_head":"<!-- This site is optimized with the Yoast SEO plugin v27.4 - https:\/\/yoast.com\/product\/yoast-seo-wordpress\/ -->\n<title>o parque augusta vai sair do papel - Metro Arquitetos<\/title>\n<meta name=\"description\" content=\"METRO ARCHITECTS is an architectural firm that develops projects on various scales, from temporary installations to urban interventions.\" \/>\n<meta name=\"robots\" content=\"index, follow, max-snippet:-1, max-image-preview:large, max-video-preview:-1\" \/>\n<link rel=\"canonical\" href=\"https:\/\/metroarquitetos.com.br\/en\/news\/o-parque-augusta-vai-sair-do-papel\/\" \/>\n<meta property=\"og:locale\" content=\"en_US\" \/>\n<meta property=\"og:type\" content=\"article\" \/>\n<meta property=\"og:title\" content=\"o parque augusta vai sair do papel - Metro Arquitetos\" \/>\n<meta property=\"og:description\" content=\"METRO ARCHITECTS is an architectural firm that develops projects on various scales, from temporary installations to urban interventions.\" \/>\n<meta property=\"og:url\" content=\"https:\/\/metroarquitetos.com.br\/en\/news\/o-parque-augusta-vai-sair-do-papel\/\" \/>\n<meta property=\"og:site_name\" content=\"Metro Arquitetos\" \/>\n<meta property=\"article:publisher\" content=\"https:\/\/www.facebook.com\/metroarquitetos\" \/>\n<meta property=\"article:published_time\" content=\"2019-04-09T14:34:44+00:00\" \/>\n<meta property=\"article:modified_time\" content=\"2019-10-22T19:58:23+00:00\" \/>\n<meta property=\"og:image\" content=\"https:\/\/metroarquitetos.com.br\/wp-content\/uploads\/2019\/04\/8681765f-9de8-4edb-a070-1f174f36904c.jpg\" \/>\n\t<meta property=\"og:image:width\" content=\"1232\" \/>\n\t<meta property=\"og:image:height\" content=\"1280\" \/>\n\t<meta property=\"og:image:type\" content=\"image\/jpeg\" \/>\n<meta name=\"author\" content=\"Martin\" \/>\n<meta name=\"twitter:card\" content=\"summary_large_image\" \/>\n<meta name=\"twitter:label1\" content=\"Written by\" \/>\n\t<meta name=\"twitter:data1\" content=\"Martin\" \/>\n<script type=\"application\/ld+json\" class=\"yoast-schema-graph\">{\"@context\":\"https:\\\/\\\/schema.org\",\"@graph\":[{\"@type\":\"Article\",\"@id\":\"https:\\\/\\\/metroarquitetos.com.br\\\/en\\\/news\\\/o-parque-augusta-vai-sair-do-papel\\\/#article\",\"isPartOf\":{\"@id\":\"https:\\\/\\\/metroarquitetos.com.br\\\/en\\\/news\\\/o-parque-augusta-vai-sair-do-papel\\\/\"},\"author\":{\"name\":\"Martin\",\"@id\":\"https:\\\/\\\/metroarquitetos.com.br\\\/en\\\/#\\\/schema\\\/person\\\/db564981f667efff952d85725f421e83\"},\"headline\":\"o parque augusta vai sair do papel\",\"datePublished\":\"2019-04-09T14:34:44+00:00\",\"dateModified\":\"2019-10-22T19:58:23+00:00\",\"mainEntityOfPage\":{\"@id\":\"https:\\\/\\\/metroarquitetos.com.br\\\/en\\\/news\\\/o-parque-augusta-vai-sair-do-papel\\\/\"},\"wordCount\":96,\"publisher\":{\"@id\":\"https:\\\/\\\/metroarquitetos.com.br\\\/en\\\/#organization\"},\"image\":{\"@id\":\"https:\\\/\\\/metroarquitetos.com.br\\\/en\\\/news\\\/o-parque-augusta-vai-sair-do-papel\\\/#primaryimage\"},\"thumbnailUrl\":\"https:\\\/\\\/metroarquitetos.com.br\\\/wp-content\\\/uploads\\\/2019\\\/04\\\/8681765f-9de8-4edb-a070-1f174f36904c.jpg\",\"keywords\":[\"news\"],\"articleSection\":[\"News\"],\"inLanguage\":\"en-US\"},{\"@type\":\"WebPage\",\"@id\":\"https:\\\/\\\/metroarquitetos.com.br\\\/en\\\/news\\\/o-parque-augusta-vai-sair-do-papel\\\/\",\"url\":\"https:\\\/\\\/metroarquitetos.com.br\\\/en\\\/news\\\/o-parque-augusta-vai-sair-do-papel\\\/\",\"name\":\"o parque augusta vai sair do papel - Metro Arquitetos\",\"isPartOf\":{\"@id\":\"https:\\\/\\\/metroarquitetos.com.br\\\/en\\\/#website\"},\"primaryImageOfPage\":{\"@id\":\"https:\\\/\\\/metroarquitetos.com.br\\\/en\\\/news\\\/o-parque-augusta-vai-sair-do-papel\\\/#primaryimage\"},\"image\":{\"@id\":\"https:\\\/\\\/metroarquitetos.com.br\\\/en\\\/news\\\/o-parque-augusta-vai-sair-do-papel\\\/#primaryimage\"},\"thumbnailUrl\":\"https:\\\/\\\/metroarquitetos.com.br\\\/wp-content\\\/uploads\\\/2019\\\/04\\\/8681765f-9de8-4edb-a070-1f174f36904c.jpg\",\"datePublished\":\"2019-04-09T14:34:44+00:00\",\"dateModified\":\"2019-10-22T19:58:23+00:00\",\"description\":\"METRO ARCHITECTS is an architectural firm that develops projects on various scales, from temporary installations to urban interventions.\",\"breadcrumb\":{\"@id\":\"https:\\\/\\\/metroarquitetos.com.br\\\/en\\\/news\\\/o-parque-augusta-vai-sair-do-papel\\\/#breadcrumb\"},\"inLanguage\":\"en-US\",\"potentialAction\":[{\"@type\":\"ReadAction\",\"target\":[\"https:\\\/\\\/metroarquitetos.com.br\\\/en\\\/news\\\/o-parque-augusta-vai-sair-do-papel\\\/\"]}]},{\"@type\":\"ImageObject\",\"inLanguage\":\"en-US\",\"@id\":\"https:\\\/\\\/metroarquitetos.com.br\\\/en\\\/news\\\/o-parque-augusta-vai-sair-do-papel\\\/#primaryimage\",\"url\":\"https:\\\/\\\/metroarquitetos.com.br\\\/wp-content\\\/uploads\\\/2019\\\/04\\\/8681765f-9de8-4edb-a070-1f174f36904c.jpg\",\"contentUrl\":\"https:\\\/\\\/metroarquitetos.com.br\\\/wp-content\\\/uploads\\\/2019\\\/04\\\/8681765f-9de8-4edb-a070-1f174f36904c.jpg\",\"width\":1232,\"height\":1280,\"caption\":\"parque augusta metro arquitetos\"},{\"@type\":\"BreadcrumbList\",\"@id\":\"https:\\\/\\\/metroarquitetos.com.br\\\/en\\\/news\\\/o-parque-augusta-vai-sair-do-papel\\\/#breadcrumb\",\"itemListElement\":[{\"@type\":\"ListItem\",\"position\":1,\"name\":\"In\u00edcio\",\"item\":\"https:\\\/\\\/metroarquitetos.com.br\\\/en\\\/?lang=en\"},{\"@type\":\"ListItem\",\"position\":2,\"name\":\"o parque augusta vai sair do papel\"}]},{\"@type\":\"WebSite\",\"@id\":\"https:\\\/\\\/metroarquitetos.com.br\\\/en\\\/#website\",\"url\":\"https:\\\/\\\/metroarquitetos.com.br\\\/en\\\/\",\"name\":\"Metro Arquitetos\",\"description\":\"Metro Arquitetos Associados \u00e9 um escrit\u00f3rio de arquitetura que desenvolve projetos em diversas escalas, de instala\u00e7\u00f5es tempor\u00e1rias a interven\u00e7\u00f5es urbanas.\",\"publisher\":{\"@id\":\"https:\\\/\\\/metroarquitetos.com.br\\\/en\\\/#organization\"},\"potentialAction\":[{\"@type\":\"SearchAction\",\"target\":{\"@type\":\"EntryPoint\",\"urlTemplate\":\"https:\\\/\\\/metroarquitetos.com.br\\\/en\\\/?s={search_term_string}\"},\"query-input\":{\"@type\":\"PropertyValueSpecification\",\"valueRequired\":true,\"valueName\":\"search_term_string\"}}],\"inLanguage\":\"en-US\"},{\"@type\":\"Organization\",\"@id\":\"https:\\\/\\\/metroarquitetos.com.br\\\/en\\\/#organization\",\"name\":\"Metro Arquitetos\",\"url\":\"https:\\\/\\\/metroarquitetos.com.br\\\/en\\\/\",\"logo\":{\"@type\":\"ImageObject\",\"inLanguage\":\"en-US\",\"@id\":\"https:\\\/\\\/metroarquitetos.com.br\\\/en\\\/#\\\/schema\\\/logo\\\/image\\\/\",\"url\":\"https:\\\/\\\/metroarquitetos.com.br\\\/wp-content\\\/uploads\\\/2019\\\/03\\\/logotipo-metro_01.png\",\"contentUrl\":\"https:\\\/\\\/metroarquitetos.com.br\\\/wp-content\\\/uploads\\\/2019\\\/03\\\/logotipo-metro_01.png\",\"width\":133,\"height\":35,\"caption\":\"Metro Arquitetos\"},\"image\":{\"@id\":\"https:\\\/\\\/metroarquitetos.com.br\\\/en\\\/#\\\/schema\\\/logo\\\/image\\\/\"},\"sameAs\":[\"https:\\\/\\\/www.facebook.com\\\/metroarquitetos\",\"https:\\\/\\\/www.instagram.com\\\/metroarquitetos\\\/\",\"https:\\\/\\\/www.linkedin.com\\\/company\\\/metro-arquitetos-associados\\\/\"]},{\"@type\":\"Person\",\"@id\":\"https:\\\/\\\/metroarquitetos.com.br\\\/en\\\/#\\\/schema\\\/person\\\/db564981f667efff952d85725f421e83\",\"name\":\"Martin\",\"image\":{\"@type\":\"ImageObject\",\"inLanguage\":\"en-US\",\"@id\":\"https:\\\/\\\/secure.gravatar.com\\\/avatar\\\/d57ba5e5769e6d875e1aad1c975db3e8585c0168e16d8a7046b3a47c9c1b1f3e?s=96&d=mm&r=g\",\"url\":\"https:\\\/\\\/secure.gravatar.com\\\/avatar\\\/d57ba5e5769e6d875e1aad1c975db3e8585c0168e16d8a7046b3a47c9c1b1f3e?s=96&d=mm&r=g\",\"contentUrl\":\"https:\\\/\\\/secure.gravatar.com\\\/avatar\\\/d57ba5e5769e6d875e1aad1c975db3e8585c0168e16d8a7046b3a47c9c1b1f3e?s=96&d=mm&r=g\",\"caption\":\"Martin\"}}]}<\/script>\n<!-- \/ Yoast SEO plugin. -->","yoast_head_json":{"title":"o parque augusta vai sair do papel - Metro Arquitetos","description":"METRO ARCHITECTS is an architectural firm that develops projects on various scales, from temporary installations to urban interventions.","robots":{"index":"index","follow":"follow","max-snippet":"max-snippet:-1","max-image-preview":"max-image-preview:large","max-video-preview":"max-video-preview:-1"},"canonical":"https:\/\/metroarquitetos.com.br\/en\/news\/o-parque-augusta-vai-sair-do-papel\/","og_locale":"en_US","og_type":"article","og_title":"o parque augusta vai sair do papel - Metro Arquitetos","og_description":"METRO ARCHITECTS is an architectural firm that develops projects on various scales, from temporary installations to urban interventions.","og_url":"https:\/\/metroarquitetos.com.br\/en\/news\/o-parque-augusta-vai-sair-do-papel\/","og_site_name":"Metro Arquitetos","article_publisher":"https:\/\/www.facebook.com\/metroarquitetos","article_published_time":"2019-04-09T14:34:44+00:00","article_modified_time":"2019-10-22T19:58:23+00:00","og_image":[{"width":1232,"height":1280,"url":"https:\/\/metroarquitetos.com.br\/wp-content\/uploads\/2019\/04\/8681765f-9de8-4edb-a070-1f174f36904c.jpg","type":"image\/jpeg"}],"author":"Martin","twitter_card":"summary_large_image","twitter_misc":{"Written by":"Martin"},"schema":{"@context":"https:\/\/schema.org","@graph":[{"@type":"Article","@id":"https:\/\/metroarquitetos.com.br\/en\/news\/o-parque-augusta-vai-sair-do-papel\/#article","isPartOf":{"@id":"https:\/\/metroarquitetos.com.br\/en\/news\/o-parque-augusta-vai-sair-do-papel\/"},"author":{"name":"Martin","@id":"https:\/\/metroarquitetos.com.br\/en\/#\/schema\/person\/db564981f667efff952d85725f421e83"},"headline":"o parque augusta vai sair do papel","datePublished":"2019-04-09T14:34:44+00:00","dateModified":"2019-10-22T19:58:23+00:00","mainEntityOfPage":{"@id":"https:\/\/metroarquitetos.com.br\/en\/news\/o-parque-augusta-vai-sair-do-papel\/"},"wordCount":96,"publisher":{"@id":"https:\/\/metroarquitetos.com.br\/en\/#organization"},"image":{"@id":"https:\/\/metroarquitetos.com.br\/en\/news\/o-parque-augusta-vai-sair-do-papel\/#primaryimage"},"thumbnailUrl":"https:\/\/metroarquitetos.com.br\/wp-content\/uploads\/2019\/04\/8681765f-9de8-4edb-a070-1f174f36904c.jpg","keywords":["news"],"articleSection":["News"],"inLanguage":"en-US"},{"@type":"WebPage","@id":"https:\/\/metroarquitetos.com.br\/en\/news\/o-parque-augusta-vai-sair-do-papel\/","url":"https:\/\/metroarquitetos.com.br\/en\/news\/o-parque-augusta-vai-sair-do-papel\/","name":"o parque augusta vai sair do papel - Metro Arquitetos","isPartOf":{"@id":"https:\/\/metroarquitetos.com.br\/en\/#website"},"primaryImageOfPage":{"@id":"https:\/\/metroarquitetos.com.br\/en\/news\/o-parque-augusta-vai-sair-do-papel\/#primaryimage"},"image":{"@id":"https:\/\/metroarquitetos.com.br\/en\/news\/o-parque-augusta-vai-sair-do-papel\/#primaryimage"},"thumbnailUrl":"https:\/\/metroarquitetos.com.br\/wp-content\/uploads\/2019\/04\/8681765f-9de8-4edb-a070-1f174f36904c.jpg","datePublished":"2019-04-09T14:34:44+00:00","dateModified":"2019-10-22T19:58:23+00:00","description":"METRO ARCHITECTS is an architectural firm that develops projects on various scales, from temporary installations to urban interventions.","breadcrumb":{"@id":"https:\/\/metroarquitetos.com.br\/en\/news\/o-parque-augusta-vai-sair-do-papel\/#breadcrumb"},"inLanguage":"en-US","potentialAction":[{"@type":"ReadAction","target":["https:\/\/metroarquitetos.com.br\/en\/news\/o-parque-augusta-vai-sair-do-papel\/"]}]},{"@type":"ImageObject","inLanguage":"en-US","@id":"https:\/\/metroarquitetos.com.br\/en\/news\/o-parque-augusta-vai-sair-do-papel\/#primaryimage","url":"https:\/\/metroarquitetos.com.br\/wp-content\/uploads\/2019\/04\/8681765f-9de8-4edb-a070-1f174f36904c.jpg","contentUrl":"https:\/\/metroarquitetos.com.br\/wp-content\/uploads\/2019\/04\/8681765f-9de8-4edb-a070-1f174f36904c.jpg","width":1232,"height":1280,"caption":"parque augusta metro arquitetos"},{"@type":"BreadcrumbList","@id":"https:\/\/metroarquitetos.com.br\/en\/news\/o-parque-augusta-vai-sair-do-papel\/#breadcrumb","itemListElement":[{"@type":"ListItem","position":1,"name":"In\u00edcio","item":"https:\/\/metroarquitetos.com.br\/en\/?lang=en"},{"@type":"ListItem","position":2,"name":"o parque augusta vai sair do papel"}]},{"@type":"WebSite","@id":"https:\/\/metroarquitetos.com.br\/en\/#website","url":"https:\/\/metroarquitetos.com.br\/en\/","name":"Metro Arquitetos","description":"Metro Arquitetos Associados \u00e9 um escrit\u00f3rio de arquitetura que desenvolve projetos em diversas escalas, de instala\u00e7\u00f5es tempor\u00e1rias a interven\u00e7\u00f5es urbanas.","publisher":{"@id":"https:\/\/metroarquitetos.com.br\/en\/#organization"},"potentialAction":[{"@type":"SearchAction","target":{"@type":"EntryPoint","urlTemplate":"https:\/\/metroarquitetos.com.br\/en\/?s={search_term_string}"},"query-input":{"@type":"PropertyValueSpecification","valueRequired":true,"valueName":"search_term_string"}}],"inLanguage":"en-US"},{"@type":"Organization","@id":"https:\/\/metroarquitetos.com.br\/en\/#organization","name":"Metro Arquitetos","url":"https:\/\/metroarquitetos.com.br\/en\/","logo":{"@type":"ImageObject","inLanguage":"en-US","@id":"https:\/\/metroarquitetos.com.br\/en\/#\/schema\/logo\/image\/","url":"https:\/\/metroarquitetos.com.br\/wp-content\/uploads\/2019\/03\/logotipo-metro_01.png","contentUrl":"https:\/\/metroarquitetos.com.br\/wp-content\/uploads\/2019\/03\/logotipo-metro_01.png","width":133,"height":35,"caption":"Metro Arquitetos"},"image":{"@id":"https:\/\/metroarquitetos.com.br\/en\/#\/schema\/logo\/image\/"},"sameAs":["https:\/\/www.facebook.com\/metroarquitetos","https:\/\/www.instagram.com\/metroarquitetos\/","https:\/\/www.linkedin.com\/company\/metro-arquitetos-associados\/"]},{"@type":"Person","@id":"https:\/\/metroarquitetos.com.br\/en\/#\/schema\/person\/db564981f667efff952d85725f421e83","name":"Martin","image":{"@type":"ImageObject","inLanguage":"en-US","@id":"https:\/\/secure.gravatar.com\/avatar\/d57ba5e5769e6d875e1aad1c975db3e8585c0168e16d8a7046b3a47c9c1b1f3e?s=96&d=mm&r=g","url":"https:\/\/secure.gravatar.com\/avatar\/d57ba5e5769e6d875e1aad1c975db3e8585c0168e16d8a7046b3a47c9c1b1f3e?s=96&d=mm&r=g","contentUrl":"https:\/\/secure.gravatar.com\/avatar\/d57ba5e5769e6d875e1aad1c975db3e8585c0168e16d8a7046b3a47c9c1b1f3e?s=96&d=mm&r=g","caption":"Martin"}}]}},"_links":{"self":[{"href":"https:\/\/metroarquitetos.com.br\/en\/wp-json\/wp\/v2\/posts\/4245","targetHints":{"allow":["GET"]}}],"collection":[{"href":"https:\/\/metroarquitetos.com.br\/en\/wp-json\/wp\/v2\/posts"}],"about":[{"href":"https:\/\/metroarquitetos.com.br\/en\/wp-json\/wp\/v2\/types\/post"}],"author":[{"embeddable":true,"href":"https:\/\/metroarquitetos.com.br\/en\/wp-json\/wp\/v2\/users\/3"}],"replies":[{"embeddable":true,"href":"https:\/\/metroarquitetos.com.br\/en\/wp-json\/wp\/v2\/comments?post=4245"}],"version-history":[{"count":1,"href":"https:\/\/metroarquitetos.com.br\/en\/wp-json\/wp\/v2\/posts\/4245\/revisions"}],"predecessor-version":[{"id":4247,"href":"https:\/\/metroarquitetos.com.br\/en\/wp-json\/wp\/v2\/posts\/4245\/revisions\/4247"}],"wp:featuredmedia":[{"embeddable":true,"href":"https:\/\/metroarquitetos.com.br\/en\/wp-json\/wp\/v2\/media\/2878"}],"wp:attachment":[{"href":"https:\/\/metroarquitetos.com.br\/en\/wp-json\/wp\/v2\/media?parent=4245"}],"wp:term":[{"taxonomy":"category","embeddable":true,"href":"https:\/\/metroarquitetos.com.br\/en\/wp-json\/wp\/v2\/categories?post=4245"},{"taxonomy":"post_tag","embeddable":true,"href":"https:\/\/metroarquitetos.com.br\/en\/wp-json\/wp\/v2\/tags?post=4245"}],"curies":[{"name":"wp","href":"https:\/\/api.w.org\/{rel}","templated":true}]}}