{"id":4282,"date":"2019-02-26T11:00:00","date_gmt":"2019-02-26T14:00:00","guid":{"rendered":"https:\/\/metroarquitetos.com.br\/mobiliario-em-montagem-metroarquitetos-naturabroficial\/"},"modified":"2023-02-27T17:52:43","modified_gmt":"2023-02-27T20:52:43","slug":"mobiliario-em-montagem-metroarquitetos-naturabroficial","status":"publish","type":"post","link":"https:\/\/metroarquitetos.com.br\/en\/instagram-en\/mobiliario-em-montagem-metroarquitetos-naturabroficial\/","title":{"rendered":"mobili\u00e1rio em montagem #METROARQUITETOS @naturabroficial"},"content":{"rendered":"\n\t\t<style type=\"text\/css\">\n\t\t\t#gallery-1 {\n\t\t\t\tmargin: auto;\n\t\t\t}\n\t\t\t#gallery-1 .gallery-item {\n\t\t\t\tfloat: left;\n\t\t\t\tmargin-top: 10px;\n\t\t\t\ttext-align: center;\n\t\t\t\twidth: 33%;\n\t\t\t}\n\t\t\t#gallery-1 img {\n\t\t\t\tborder: 2px solid #cfcfcf;\n\t\t\t}\n\t\t\t#gallery-1 .gallery-caption {\n\t\t\t\tmargin-left: 0;\n\t\t\t}\n\t\t\t\/* see gallery_shortcode() in wp-includes\/media.php *\/\n\t\t<\/style>\n\t\t<div id='gallery-1' class='gallery galleryid-4282 gallery-columns-3 gallery-size-large'><dl class='gallery-item'>\n\t\t\t<dt class='gallery-icon landscape'>\n\t\t\t\t<a title=\"mobili\u00e1rio em montagem\n#METROARQUITETOS\n@naturabroficial\"  href='https:\/\/metroarquitetos.com.br\/wp-content\/uploads\/2019\/02\/mobilic3a1rio-em-montagem-metroarquitetos-naturabroficial.jpg'><img loading=\"lazy\" decoding=\"async\" width=\"1080\" height=\"1080\" src=\"https:\/\/metroarquitetos.com.br\/wp-content\/uploads\/2019\/02\/mobilic3a1rio-em-montagem-metroarquitetos-naturabroficial.jpg\" class=\"attachment-large size-large\" alt=\"\" srcset=\"https:\/\/metroarquitetos.com.br\/wp-content\/uploads\/2019\/02\/mobilic3a1rio-em-montagem-metroarquitetos-naturabroficial.jpg 1080w, https:\/\/metroarquitetos.com.br\/wp-content\/uploads\/2019\/02\/mobilic3a1rio-em-montagem-metroarquitetos-naturabroficial-300x300.jpg 300w, https:\/\/metroarquitetos.com.br\/wp-content\/uploads\/2019\/02\/mobilic3a1rio-em-montagem-metroarquitetos-naturabroficial-100x100.jpg 100w, https:\/\/metroarquitetos.com.br\/wp-content\/uploads\/2019\/02\/mobilic3a1rio-em-montagem-metroarquitetos-naturabroficial-600x600.jpg 600w, https:\/\/metroarquitetos.com.br\/wp-content\/uploads\/2019\/02\/mobilic3a1rio-em-montagem-metroarquitetos-naturabroficial-150x150.jpg 150w, https:\/\/metroarquitetos.com.br\/wp-content\/uploads\/2019\/02\/mobilic3a1rio-em-montagem-metroarquitetos-naturabroficial-750x750.jpg 750w, https:\/\/metroarquitetos.com.br\/wp-content\/uploads\/2019\/02\/mobilic3a1rio-em-montagem-metroarquitetos-naturabroficial-768x768.jpg 768w, https:\/\/metroarquitetos.com.br\/wp-content\/uploads\/2019\/02\/mobilic3a1rio-em-montagem-metroarquitetos-naturabroficial-800x800.jpg 800w, https:\/\/metroarquitetos.com.br\/wp-content\/uploads\/2019\/02\/mobilic3a1rio-em-montagem-metroarquitetos-naturabroficial-500x500.jpg 500w, https:\/\/metroarquitetos.com.br\/wp-content\/uploads\/2019\/02\/mobilic3a1rio-em-montagem-metroarquitetos-naturabroficial-60x60.jpg 60w\" sizes=\"auto, (max-width: 1080px) 100vw, 1080px\" \/><\/a>\n\t\t\t<\/dt><\/dl><dl class='gallery-item'>\n\t\t\t<dt class='gallery-icon landscape'>\n\t\t\t\t<a title=\"mobili\u00e1rio em montagem #METROARQUITETOS @naturabroficial &#8211; 2\"  href='https:\/\/metroarquitetos.com.br\/wp-content\/uploads\/2019\/02\/mobilic3a1rio-em-montagem-metroarquitetos-naturabroficial-1.jpg'><img loading=\"lazy\" decoding=\"async\" width=\"1080\" height=\"1080\" src=\"https:\/\/metroarquitetos.com.br\/wp-content\/uploads\/2019\/02\/mobilic3a1rio-em-montagem-metroarquitetos-naturabroficial-1.jpg\" class=\"attachment-large size-large\" alt=\"\" srcset=\"https:\/\/metroarquitetos.com.br\/wp-content\/uploads\/2019\/02\/mobilic3a1rio-em-montagem-metroarquitetos-naturabroficial-1.jpg 1080w, https:\/\/metroarquitetos.com.br\/wp-content\/uploads\/2019\/02\/mobilic3a1rio-em-montagem-metroarquitetos-naturabroficial-1-300x300.jpg 300w, https:\/\/metroarquitetos.com.br\/wp-content\/uploads\/2019\/02\/mobilic3a1rio-em-montagem-metroarquitetos-naturabroficial-1-100x100.jpg 100w, https:\/\/metroarquitetos.com.br\/wp-content\/uploads\/2019\/02\/mobilic3a1rio-em-montagem-metroarquitetos-naturabroficial-1-600x600.jpg 600w, https:\/\/metroarquitetos.com.br\/wp-content\/uploads\/2019\/02\/mobilic3a1rio-em-montagem-metroarquitetos-naturabroficial-1-150x150.jpg 150w, https:\/\/metroarquitetos.com.br\/wp-content\/uploads\/2019\/02\/mobilic3a1rio-em-montagem-metroarquitetos-naturabroficial-1-750x750.jpg 750w, https:\/\/metroarquitetos.com.br\/wp-content\/uploads\/2019\/02\/mobilic3a1rio-em-montagem-metroarquitetos-naturabroficial-1-768x768.jpg 768w, https:\/\/metroarquitetos.com.br\/wp-content\/uploads\/2019\/02\/mobilic3a1rio-em-montagem-metroarquitetos-naturabroficial-1-800x800.jpg 800w, https:\/\/metroarquitetos.com.br\/wp-content\/uploads\/2019\/02\/mobilic3a1rio-em-montagem-metroarquitetos-naturabroficial-1-500x500.jpg 500w, https:\/\/metroarquitetos.com.br\/wp-content\/uploads\/2019\/02\/mobilic3a1rio-em-montagem-metroarquitetos-naturabroficial-1-60x60.jpg 60w\" sizes=\"auto, (max-width: 1080px) 100vw, 1080px\" \/><\/a>\n\t\t\t<\/dt><\/dl><dl class='gallery-item'>\n\t\t\t<dt class='gallery-icon landscape'>\n\t\t\t\t<a title=\"mobili\u00e1rio em montagem #METROARQUITETOS @naturabroficial &#8211; 3\"  href='https:\/\/metroarquitetos.com.br\/wp-content\/uploads\/2019\/02\/mobilic3a1rio-em-montagem-metroarquitetos-naturabroficial-2.jpg'><img loading=\"lazy\" decoding=\"async\" width=\"1080\" height=\"1080\" src=\"https:\/\/metroarquitetos.com.br\/wp-content\/uploads\/2019\/02\/mobilic3a1rio-em-montagem-metroarquitetos-naturabroficial-2.jpg\" class=\"attachment-large size-large\" alt=\"\" srcset=\"https:\/\/metroarquitetos.com.br\/wp-content\/uploads\/2019\/02\/mobilic3a1rio-em-montagem-metroarquitetos-naturabroficial-2.jpg 1080w, https:\/\/metroarquitetos.com.br\/wp-content\/uploads\/2019\/02\/mobilic3a1rio-em-montagem-metroarquitetos-naturabroficial-2-300x300.jpg 300w, https:\/\/metroarquitetos.com.br\/wp-content\/uploads\/2019\/02\/mobilic3a1rio-em-montagem-metroarquitetos-naturabroficial-2-100x100.jpg 100w, https:\/\/metroarquitetos.com.br\/wp-content\/uploads\/2019\/02\/mobilic3a1rio-em-montagem-metroarquitetos-naturabroficial-2-600x600.jpg 600w, https:\/\/metroarquitetos.com.br\/wp-content\/uploads\/2019\/02\/mobilic3a1rio-em-montagem-metroarquitetos-naturabroficial-2-150x150.jpg 150w, https:\/\/metroarquitetos.com.br\/wp-content\/uploads\/2019\/02\/mobilic3a1rio-em-montagem-metroarquitetos-naturabroficial-2-750x750.jpg 750w, https:\/\/metroarquitetos.com.br\/wp-content\/uploads\/2019\/02\/mobilic3a1rio-em-montagem-metroarquitetos-naturabroficial-2-768x768.jpg 768w, https:\/\/metroarquitetos.com.br\/wp-content\/uploads\/2019\/02\/mobilic3a1rio-em-montagem-metroarquitetos-naturabroficial-2-800x800.jpg 800w, https:\/\/metroarquitetos.com.br\/wp-content\/uploads\/2019\/02\/mobilic3a1rio-em-montagem-metroarquitetos-naturabroficial-2-500x500.jpg 500w, https:\/\/metroarquitetos.com.br\/wp-content\/uploads\/2019\/02\/mobilic3a1rio-em-montagem-metroarquitetos-naturabroficial-2-60x60.jpg 60w\" sizes=\"auto, (max-width: 1080px) 100vw, 1080px\" \/><\/a>\n\t\t\t<\/dt><\/dl><br style=\"clear: both\" \/><dl class='gallery-item'>\n\t\t\t<dt class='gallery-icon landscape'>\n\t\t\t\t<a title=\"mobili\u00e1rio em montagem #METROARQUITETOS @naturabroficial &#8211; 4\"  href='https:\/\/metroarquitetos.com.br\/wp-content\/uploads\/2019\/02\/mobilic3a1rio-em-montagem-metroarquitetos-naturabroficial-3.jpg'><img loading=\"lazy\" decoding=\"async\" width=\"1080\" height=\"1080\" src=\"https:\/\/metroarquitetos.com.br\/wp-content\/uploads\/2019\/02\/mobilic3a1rio-em-montagem-metroarquitetos-naturabroficial-3.jpg\" class=\"attachment-large size-large\" alt=\"\" srcset=\"https:\/\/metroarquitetos.com.br\/wp-content\/uploads\/2019\/02\/mobilic3a1rio-em-montagem-metroarquitetos-naturabroficial-3.jpg 1080w, https:\/\/metroarquitetos.com.br\/wp-content\/uploads\/2019\/02\/mobilic3a1rio-em-montagem-metroarquitetos-naturabroficial-3-300x300.jpg 300w, https:\/\/metroarquitetos.com.br\/wp-content\/uploads\/2019\/02\/mobilic3a1rio-em-montagem-metroarquitetos-naturabroficial-3-100x100.jpg 100w, https:\/\/metroarquitetos.com.br\/wp-content\/uploads\/2019\/02\/mobilic3a1rio-em-montagem-metroarquitetos-naturabroficial-3-600x600.jpg 600w, https:\/\/metroarquitetos.com.br\/wp-content\/uploads\/2019\/02\/mobilic3a1rio-em-montagem-metroarquitetos-naturabroficial-3-150x150.jpg 150w, https:\/\/metroarquitetos.com.br\/wp-content\/uploads\/2019\/02\/mobilic3a1rio-em-montagem-metroarquitetos-naturabroficial-3-750x750.jpg 750w, https:\/\/metroarquitetos.com.br\/wp-content\/uploads\/2019\/02\/mobilic3a1rio-em-montagem-metroarquitetos-naturabroficial-3-768x768.jpg 768w, https:\/\/metroarquitetos.com.br\/wp-content\/uploads\/2019\/02\/mobilic3a1rio-em-montagem-metroarquitetos-naturabroficial-3-800x800.jpg 800w, https:\/\/metroarquitetos.com.br\/wp-content\/uploads\/2019\/02\/mobilic3a1rio-em-montagem-metroarquitetos-naturabroficial-3-500x500.jpg 500w, https:\/\/metroarquitetos.com.br\/wp-content\/uploads\/2019\/02\/mobilic3a1rio-em-montagem-metroarquitetos-naturabroficial-3-60x60.jpg 60w\" sizes=\"auto, (max-width: 1080px) 100vw, 1080px\" \/><\/a>\n\t\t\t<\/dt><\/dl><dl class='gallery-item'>\n\t\t\t<dt class='gallery-icon landscape'>\n\t\t\t\t<a title=\"mobili\u00e1rio em montagem #METROARQUITETOS @naturabroficial &#8211; 5\"  href='https:\/\/metroarquitetos.com.br\/wp-content\/uploads\/2019\/02\/mobilic3a1rio-em-montagem-metroarquitetos-naturabroficial-4.jpg'><img loading=\"lazy\" decoding=\"async\" width=\"1080\" height=\"1080\" src=\"https:\/\/metroarquitetos.com.br\/wp-content\/uploads\/2019\/02\/mobilic3a1rio-em-montagem-metroarquitetos-naturabroficial-4.jpg\" class=\"attachment-large size-large\" alt=\"\" srcset=\"https:\/\/metroarquitetos.com.br\/wp-content\/uploads\/2019\/02\/mobilic3a1rio-em-montagem-metroarquitetos-naturabroficial-4.jpg 1080w, https:\/\/metroarquitetos.com.br\/wp-content\/uploads\/2019\/02\/mobilic3a1rio-em-montagem-metroarquitetos-naturabroficial-4-300x300.jpg 300w, https:\/\/metroarquitetos.com.br\/wp-content\/uploads\/2019\/02\/mobilic3a1rio-em-montagem-metroarquitetos-naturabroficial-4-100x100.jpg 100w, https:\/\/metroarquitetos.com.br\/wp-content\/uploads\/2019\/02\/mobilic3a1rio-em-montagem-metroarquitetos-naturabroficial-4-600x600.jpg 600w, https:\/\/metroarquitetos.com.br\/wp-content\/uploads\/2019\/02\/mobilic3a1rio-em-montagem-metroarquitetos-naturabroficial-4-150x150.jpg 150w, https:\/\/metroarquitetos.com.br\/wp-content\/uploads\/2019\/02\/mobilic3a1rio-em-montagem-metroarquitetos-naturabroficial-4-750x750.jpg 750w, https:\/\/metroarquitetos.com.br\/wp-content\/uploads\/2019\/02\/mobilic3a1rio-em-montagem-metroarquitetos-naturabroficial-4-768x768.jpg 768w, https:\/\/metroarquitetos.com.br\/wp-content\/uploads\/2019\/02\/mobilic3a1rio-em-montagem-metroarquitetos-naturabroficial-4-800x800.jpg 800w, https:\/\/metroarquitetos.com.br\/wp-content\/uploads\/2019\/02\/mobilic3a1rio-em-montagem-metroarquitetos-naturabroficial-4-500x500.jpg 500w, https:\/\/metroarquitetos.com.br\/wp-content\/uploads\/2019\/02\/mobilic3a1rio-em-montagem-metroarquitetos-naturabroficial-4-60x60.jpg 60w\" sizes=\"auto, (max-width: 1080px) 100vw, 1080px\" \/><\/a>\n\t\t\t<\/dt><\/dl><dl class='gallery-item'>\n\t\t\t<dt class='gallery-icon landscape'>\n\t\t\t\t<a title=\"mobili\u00e1rio em montagem #METROARQUITETOS @naturabroficial &#8211; 6\"  href='https:\/\/metroarquitetos.com.br\/wp-content\/uploads\/2019\/02\/mobilic3a1rio-em-montagem-metroarquitetos-naturabroficial-5.jpg'><img loading=\"lazy\" decoding=\"async\" width=\"1080\" height=\"1080\" src=\"https:\/\/metroarquitetos.com.br\/wp-content\/uploads\/2019\/02\/mobilic3a1rio-em-montagem-metroarquitetos-naturabroficial-5.jpg\" class=\"attachment-large size-large\" alt=\"\" srcset=\"https:\/\/metroarquitetos.com.br\/wp-content\/uploads\/2019\/02\/mobilic3a1rio-em-montagem-metroarquitetos-naturabroficial-5.jpg 1080w, https:\/\/metroarquitetos.com.br\/wp-content\/uploads\/2019\/02\/mobilic3a1rio-em-montagem-metroarquitetos-naturabroficial-5-300x300.jpg 300w, https:\/\/metroarquitetos.com.br\/wp-content\/uploads\/2019\/02\/mobilic3a1rio-em-montagem-metroarquitetos-naturabroficial-5-100x100.jpg 100w, https:\/\/metroarquitetos.com.br\/wp-content\/uploads\/2019\/02\/mobilic3a1rio-em-montagem-metroarquitetos-naturabroficial-5-600x600.jpg 600w, https:\/\/metroarquitetos.com.br\/wp-content\/uploads\/2019\/02\/mobilic3a1rio-em-montagem-metroarquitetos-naturabroficial-5-150x150.jpg 150w, https:\/\/metroarquitetos.com.br\/wp-content\/uploads\/2019\/02\/mobilic3a1rio-em-montagem-metroarquitetos-naturabroficial-5-750x750.jpg 750w, https:\/\/metroarquitetos.com.br\/wp-content\/uploads\/2019\/02\/mobilic3a1rio-em-montagem-metroarquitetos-naturabroficial-5-768x768.jpg 768w, https:\/\/metroarquitetos.com.br\/wp-content\/uploads\/2019\/02\/mobilic3a1rio-em-montagem-metroarquitetos-naturabroficial-5-800x800.jpg 800w, https:\/\/metroarquitetos.com.br\/wp-content\/uploads\/2019\/02\/mobilic3a1rio-em-montagem-metroarquitetos-naturabroficial-5-500x500.jpg 500w, https:\/\/metroarquitetos.com.br\/wp-content\/uploads\/2019\/02\/mobilic3a1rio-em-montagem-metroarquitetos-naturabroficial-5-60x60.jpg 60w\" sizes=\"auto, (max-width: 1080px) 100vw, 1080px\" \/><\/a>\n\t\t\t<\/dt><\/dl><br style=\"clear: both\" \/>\n\t\t<\/div>\n\n<p><a href=\"https:\/\/www.instagram.com\/p\/BuWPmh_hHaO\/\" target=\"_blank\" rel=\"noopener noreferrer\">Ver no Instagram<\/a><\/p>\n","protected":false},"excerpt":{"rendered":"<p>mobili\u00e1rio em montagem<br \/>\n#METROARQUITETOS<br \/>\n@naturabroficial<\/p>\n","protected":false},"author":2,"featured_media":2469,"comment_status":"closed","ping_status":"closed","sticky":false,"template":"","format":"standard","meta":{"footnotes":""},"categories":[108],"tags":[493],"class_list":["post-4282","post","type-post","status-publish","format-standard","has-post-thumbnail","hentry","category-instagram-en","tag-instagram-en"],"yoast_head":"<!-- This site is optimized with the Yoast SEO plugin v27.4 - https:\/\/yoast.com\/product\/yoast-seo-wordpress\/ -->\n<title>Metro Arquitetos - mobili\u00e1rio em montagem #METROARQUITETOS @naturabroficial<\/title>\n<meta name=\"description\" content=\"METRO ARCHITECTS is an architectural firm that develops projects on various scales, from temporary installations to urban interventions.\" \/>\n<meta name=\"robots\" content=\"index, follow, max-snippet:-1, max-image-preview:large, max-video-preview:-1\" \/>\n<link rel=\"canonical\" href=\"https:\/\/metroarquitetos.com.br\/en\/instagram-en\/mobiliario-em-montagem-metroarquitetos-naturabroficial\/\" \/>\n<meta property=\"og:locale\" content=\"en_US\" \/>\n<meta property=\"og:type\" content=\"article\" \/>\n<meta property=\"og:title\" content=\"Metro Arquitetos - mobili\u00e1rio em montagem #METROARQUITETOS @naturabroficial\" \/>\n<meta property=\"og:description\" content=\"METRO ARCHITECTS is an architectural firm that develops projects on various scales, from temporary installations to urban interventions.\" \/>\n<meta property=\"og:url\" content=\"https:\/\/metroarquitetos.com.br\/en\/instagram-en\/mobiliario-em-montagem-metroarquitetos-naturabroficial\/\" \/>\n<meta property=\"og:site_name\" content=\"Metro Arquitetos\" \/>\n<meta property=\"article:publisher\" content=\"https:\/\/www.facebook.com\/metroarquitetos\" \/>\n<meta property=\"article:published_time\" content=\"2019-02-26T14:00:00+00:00\" \/>\n<meta property=\"article:modified_time\" content=\"2023-02-27T20:52:43+00:00\" \/>\n<meta property=\"og:image\" content=\"https:\/\/metroarquitetos.com.br\/wp-content\/uploads\/2019\/02\/mobilic3a1rio-em-montagem-metroarquitetos-naturabroficial.jpg\" \/>\n\t<meta property=\"og:image:width\" content=\"1080\" \/>\n\t<meta property=\"og:image:height\" content=\"1080\" \/>\n\t<meta property=\"og:image:type\" content=\"image\/jpeg\" \/>\n<meta name=\"author\" content=\"Metro\" \/>\n<meta name=\"twitter:card\" content=\"summary_large_image\" \/>\n<meta name=\"twitter:label1\" content=\"Written by\" \/>\n\t<meta name=\"twitter:data1\" content=\"Metro\" \/>\n<script type=\"application\/ld+json\" class=\"yoast-schema-graph\">{\"@context\":\"https:\\\/\\\/schema.org\",\"@graph\":[{\"@type\":\"Article\",\"@id\":\"https:\\\/\\\/metroarquitetos.com.br\\\/en\\\/instagram-en\\\/mobiliario-em-montagem-metroarquitetos-naturabroficial\\\/#article\",\"isPartOf\":{\"@id\":\"https:\\\/\\\/metroarquitetos.com.br\\\/en\\\/instagram-en\\\/mobiliario-em-montagem-metroarquitetos-naturabroficial\\\/\"},\"author\":{\"name\":\"Metro\",\"@id\":\"https:\\\/\\\/metroarquitetos.com.br\\\/en\\\/#\\\/schema\\\/person\\\/11f38810b1242a7596590e42ada025f3\"},\"headline\":\"mobili\u00e1rio em montagem #METROARQUITETOS @naturabroficial\",\"datePublished\":\"2019-02-26T14:00:00+00:00\",\"dateModified\":\"2023-02-27T20:52:43+00:00\",\"mainEntityOfPage\":{\"@id\":\"https:\\\/\\\/metroarquitetos.com.br\\\/en\\\/instagram-en\\\/mobiliario-em-montagem-metroarquitetos-naturabroficial\\\/\"},\"wordCount\":14,\"publisher\":{\"@id\":\"https:\\\/\\\/metroarquitetos.com.br\\\/en\\\/#organization\"},\"image\":{\"@id\":\"https:\\\/\\\/metroarquitetos.com.br\\\/en\\\/instagram-en\\\/mobiliario-em-montagem-metroarquitetos-naturabroficial\\\/#primaryimage\"},\"thumbnailUrl\":\"https:\\\/\\\/metroarquitetos.com.br\\\/wp-content\\\/uploads\\\/2019\\\/02\\\/mobilic3a1rio-em-montagem-metroarquitetos-naturabroficial.jpg\",\"keywords\":[\"instagram\"],\"articleSection\":[\"Instagram\"],\"inLanguage\":\"en-US\"},{\"@type\":\"WebPage\",\"@id\":\"https:\\\/\\\/metroarquitetos.com.br\\\/en\\\/instagram-en\\\/mobiliario-em-montagem-metroarquitetos-naturabroficial\\\/\",\"url\":\"https:\\\/\\\/metroarquitetos.com.br\\\/en\\\/instagram-en\\\/mobiliario-em-montagem-metroarquitetos-naturabroficial\\\/\",\"name\":\"Metro Arquitetos - mobili\u00e1rio em montagem #METROARQUITETOS @naturabroficial\",\"isPartOf\":{\"@id\":\"https:\\\/\\\/metroarquitetos.com.br\\\/en\\\/#website\"},\"primaryImageOfPage\":{\"@id\":\"https:\\\/\\\/metroarquitetos.com.br\\\/en\\\/instagram-en\\\/mobiliario-em-montagem-metroarquitetos-naturabroficial\\\/#primaryimage\"},\"image\":{\"@id\":\"https:\\\/\\\/metroarquitetos.com.br\\\/en\\\/instagram-en\\\/mobiliario-em-montagem-metroarquitetos-naturabroficial\\\/#primaryimage\"},\"thumbnailUrl\":\"https:\\\/\\\/metroarquitetos.com.br\\\/wp-content\\\/uploads\\\/2019\\\/02\\\/mobilic3a1rio-em-montagem-metroarquitetos-naturabroficial.jpg\",\"datePublished\":\"2019-02-26T14:00:00+00:00\",\"dateModified\":\"2023-02-27T20:52:43+00:00\",\"description\":\"METRO ARCHITECTS is an architectural firm that develops projects on various scales, from temporary installations to urban interventions.\",\"breadcrumb\":{\"@id\":\"https:\\\/\\\/metroarquitetos.com.br\\\/en\\\/instagram-en\\\/mobiliario-em-montagem-metroarquitetos-naturabroficial\\\/#breadcrumb\"},\"inLanguage\":\"en-US\",\"potentialAction\":[{\"@type\":\"ReadAction\",\"target\":[\"https:\\\/\\\/metroarquitetos.com.br\\\/en\\\/instagram-en\\\/mobiliario-em-montagem-metroarquitetos-naturabroficial\\\/\"]}]},{\"@type\":\"ImageObject\",\"inLanguage\":\"en-US\",\"@id\":\"https:\\\/\\\/metroarquitetos.com.br\\\/en\\\/instagram-en\\\/mobiliario-em-montagem-metroarquitetos-naturabroficial\\\/#primaryimage\",\"url\":\"https:\\\/\\\/metroarquitetos.com.br\\\/wp-content\\\/uploads\\\/2019\\\/02\\\/mobilic3a1rio-em-montagem-metroarquitetos-naturabroficial.jpg\",\"contentUrl\":\"https:\\\/\\\/metroarquitetos.com.br\\\/wp-content\\\/uploads\\\/2019\\\/02\\\/mobilic3a1rio-em-montagem-metroarquitetos-naturabroficial.jpg\",\"width\":1080,\"height\":1080},{\"@type\":\"BreadcrumbList\",\"@id\":\"https:\\\/\\\/metroarquitetos.com.br\\\/en\\\/instagram-en\\\/mobiliario-em-montagem-metroarquitetos-naturabroficial\\\/#breadcrumb\",\"itemListElement\":[{\"@type\":\"ListItem\",\"position\":1,\"name\":\"In\u00edcio\",\"item\":\"https:\\\/\\\/metroarquitetos.com.br\\\/en\\\/?lang=en\"},{\"@type\":\"ListItem\",\"position\":2,\"name\":\"mobili\u00e1rio em montagem #METROARQUITETOS @naturabroficial\"}]},{\"@type\":\"WebSite\",\"@id\":\"https:\\\/\\\/metroarquitetos.com.br\\\/en\\\/#website\",\"url\":\"https:\\\/\\\/metroarquitetos.com.br\\\/en\\\/\",\"name\":\"Metro Arquitetos\",\"description\":\"Metro Arquitetos Associados \u00e9 um escrit\u00f3rio de arquitetura que desenvolve projetos em diversas escalas, de instala\u00e7\u00f5es tempor\u00e1rias a interven\u00e7\u00f5es urbanas.\",\"publisher\":{\"@id\":\"https:\\\/\\\/metroarquitetos.com.br\\\/en\\\/#organization\"},\"potentialAction\":[{\"@type\":\"SearchAction\",\"target\":{\"@type\":\"EntryPoint\",\"urlTemplate\":\"https:\\\/\\\/metroarquitetos.com.br\\\/en\\\/?s={search_term_string}\"},\"query-input\":{\"@type\":\"PropertyValueSpecification\",\"valueRequired\":true,\"valueName\":\"search_term_string\"}}],\"inLanguage\":\"en-US\"},{\"@type\":\"Organization\",\"@id\":\"https:\\\/\\\/metroarquitetos.com.br\\\/en\\\/#organization\",\"name\":\"Metro Arquitetos\",\"url\":\"https:\\\/\\\/metroarquitetos.com.br\\\/en\\\/\",\"logo\":{\"@type\":\"ImageObject\",\"inLanguage\":\"en-US\",\"@id\":\"https:\\\/\\\/metroarquitetos.com.br\\\/en\\\/#\\\/schema\\\/logo\\\/image\\\/\",\"url\":\"https:\\\/\\\/metroarquitetos.com.br\\\/wp-content\\\/uploads\\\/2019\\\/03\\\/logotipo-metro_01.png\",\"contentUrl\":\"https:\\\/\\\/metroarquitetos.com.br\\\/wp-content\\\/uploads\\\/2019\\\/03\\\/logotipo-metro_01.png\",\"width\":133,\"height\":35,\"caption\":\"Metro Arquitetos\"},\"image\":{\"@id\":\"https:\\\/\\\/metroarquitetos.com.br\\\/en\\\/#\\\/schema\\\/logo\\\/image\\\/\"},\"sameAs\":[\"https:\\\/\\\/www.facebook.com\\\/metroarquitetos\",\"https:\\\/\\\/www.instagram.com\\\/metroarquitetos\\\/\",\"https:\\\/\\\/www.linkedin.com\\\/company\\\/metro-arquitetos-associados\\\/\"]},{\"@type\":\"Person\",\"@id\":\"https:\\\/\\\/metroarquitetos.com.br\\\/en\\\/#\\\/schema\\\/person\\\/11f38810b1242a7596590e42ada025f3\",\"name\":\"Metro\",\"image\":{\"@type\":\"ImageObject\",\"inLanguage\":\"en-US\",\"@id\":\"https:\\\/\\\/secure.gravatar.com\\\/avatar\\\/64f4835922b9cf31b409898bf6df1bd562fde3ca4fdf3cb8bb8522ed1a9234fc?s=96&d=mm&r=g\",\"url\":\"https:\\\/\\\/secure.gravatar.com\\\/avatar\\\/64f4835922b9cf31b409898bf6df1bd562fde3ca4fdf3cb8bb8522ed1a9234fc?s=96&d=mm&r=g\",\"contentUrl\":\"https:\\\/\\\/secure.gravatar.com\\\/avatar\\\/64f4835922b9cf31b409898bf6df1bd562fde3ca4fdf3cb8bb8522ed1a9234fc?s=96&d=mm&r=g\",\"caption\":\"Metro\"}}]}<\/script>\n<!-- \/ Yoast SEO plugin. -->","yoast_head_json":{"title":"Metro Arquitetos - mobili\u00e1rio em montagem #METROARQUITETOS @naturabroficial","description":"METRO ARCHITECTS is an architectural firm that develops projects on various scales, from temporary installations to urban interventions.","robots":{"index":"index","follow":"follow","max-snippet":"max-snippet:-1","max-image-preview":"max-image-preview:large","max-video-preview":"max-video-preview:-1"},"canonical":"https:\/\/metroarquitetos.com.br\/en\/instagram-en\/mobiliario-em-montagem-metroarquitetos-naturabroficial\/","og_locale":"en_US","og_type":"article","og_title":"Metro Arquitetos - mobili\u00e1rio em montagem #METROARQUITETOS @naturabroficial","og_description":"METRO ARCHITECTS is an architectural firm that develops projects on various scales, from temporary installations to urban interventions.","og_url":"https:\/\/metroarquitetos.com.br\/en\/instagram-en\/mobiliario-em-montagem-metroarquitetos-naturabroficial\/","og_site_name":"Metro Arquitetos","article_publisher":"https:\/\/www.facebook.com\/metroarquitetos","article_published_time":"2019-02-26T14:00:00+00:00","article_modified_time":"2023-02-27T20:52:43+00:00","og_image":[{"width":1080,"height":1080,"url":"https:\/\/metroarquitetos.com.br\/wp-content\/uploads\/2019\/02\/mobilic3a1rio-em-montagem-metroarquitetos-naturabroficial.jpg","type":"image\/jpeg"}],"author":"Metro","twitter_card":"summary_large_image","twitter_misc":{"Written by":"Metro"},"schema":{"@context":"https:\/\/schema.org","@graph":[{"@type":"Article","@id":"https:\/\/metroarquitetos.com.br\/en\/instagram-en\/mobiliario-em-montagem-metroarquitetos-naturabroficial\/#article","isPartOf":{"@id":"https:\/\/metroarquitetos.com.br\/en\/instagram-en\/mobiliario-em-montagem-metroarquitetos-naturabroficial\/"},"author":{"name":"Metro","@id":"https:\/\/metroarquitetos.com.br\/en\/#\/schema\/person\/11f38810b1242a7596590e42ada025f3"},"headline":"mobili\u00e1rio em montagem #METROARQUITETOS @naturabroficial","datePublished":"2019-02-26T14:00:00+00:00","dateModified":"2023-02-27T20:52:43+00:00","mainEntityOfPage":{"@id":"https:\/\/metroarquitetos.com.br\/en\/instagram-en\/mobiliario-em-montagem-metroarquitetos-naturabroficial\/"},"wordCount":14,"publisher":{"@id":"https:\/\/metroarquitetos.com.br\/en\/#organization"},"image":{"@id":"https:\/\/metroarquitetos.com.br\/en\/instagram-en\/mobiliario-em-montagem-metroarquitetos-naturabroficial\/#primaryimage"},"thumbnailUrl":"https:\/\/metroarquitetos.com.br\/wp-content\/uploads\/2019\/02\/mobilic3a1rio-em-montagem-metroarquitetos-naturabroficial.jpg","keywords":["instagram"],"articleSection":["Instagram"],"inLanguage":"en-US"},{"@type":"WebPage","@id":"https:\/\/metroarquitetos.com.br\/en\/instagram-en\/mobiliario-em-montagem-metroarquitetos-naturabroficial\/","url":"https:\/\/metroarquitetos.com.br\/en\/instagram-en\/mobiliario-em-montagem-metroarquitetos-naturabroficial\/","name":"Metro Arquitetos - mobili\u00e1rio em montagem #METROARQUITETOS @naturabroficial","isPartOf":{"@id":"https:\/\/metroarquitetos.com.br\/en\/#website"},"primaryImageOfPage":{"@id":"https:\/\/metroarquitetos.com.br\/en\/instagram-en\/mobiliario-em-montagem-metroarquitetos-naturabroficial\/#primaryimage"},"image":{"@id":"https:\/\/metroarquitetos.com.br\/en\/instagram-en\/mobiliario-em-montagem-metroarquitetos-naturabroficial\/#primaryimage"},"thumbnailUrl":"https:\/\/metroarquitetos.com.br\/wp-content\/uploads\/2019\/02\/mobilic3a1rio-em-montagem-metroarquitetos-naturabroficial.jpg","datePublished":"2019-02-26T14:00:00+00:00","dateModified":"2023-02-27T20:52:43+00:00","description":"METRO ARCHITECTS is an architectural firm that develops projects on various scales, from temporary installations to urban interventions.","breadcrumb":{"@id":"https:\/\/metroarquitetos.com.br\/en\/instagram-en\/mobiliario-em-montagem-metroarquitetos-naturabroficial\/#breadcrumb"},"inLanguage":"en-US","potentialAction":[{"@type":"ReadAction","target":["https:\/\/metroarquitetos.com.br\/en\/instagram-en\/mobiliario-em-montagem-metroarquitetos-naturabroficial\/"]}]},{"@type":"ImageObject","inLanguage":"en-US","@id":"https:\/\/metroarquitetos.com.br\/en\/instagram-en\/mobiliario-em-montagem-metroarquitetos-naturabroficial\/#primaryimage","url":"https:\/\/metroarquitetos.com.br\/wp-content\/uploads\/2019\/02\/mobilic3a1rio-em-montagem-metroarquitetos-naturabroficial.jpg","contentUrl":"https:\/\/metroarquitetos.com.br\/wp-content\/uploads\/2019\/02\/mobilic3a1rio-em-montagem-metroarquitetos-naturabroficial.jpg","width":1080,"height":1080},{"@type":"BreadcrumbList","@id":"https:\/\/metroarquitetos.com.br\/en\/instagram-en\/mobiliario-em-montagem-metroarquitetos-naturabroficial\/#breadcrumb","itemListElement":[{"@type":"ListItem","position":1,"name":"In\u00edcio","item":"https:\/\/metroarquitetos.com.br\/en\/?lang=en"},{"@type":"ListItem","position":2,"name":"mobili\u00e1rio em montagem #METROARQUITETOS @naturabroficial"}]},{"@type":"WebSite","@id":"https:\/\/metroarquitetos.com.br\/en\/#website","url":"https:\/\/metroarquitetos.com.br\/en\/","name":"Metro Arquitetos","description":"Metro Arquitetos Associados \u00e9 um escrit\u00f3rio de arquitetura que desenvolve projetos em diversas escalas, de instala\u00e7\u00f5es tempor\u00e1rias a interven\u00e7\u00f5es urbanas.","publisher":{"@id":"https:\/\/metroarquitetos.com.br\/en\/#organization"},"potentialAction":[{"@type":"SearchAction","target":{"@type":"EntryPoint","urlTemplate":"https:\/\/metroarquitetos.com.br\/en\/?s={search_term_string}"},"query-input":{"@type":"PropertyValueSpecification","valueRequired":true,"valueName":"search_term_string"}}],"inLanguage":"en-US"},{"@type":"Organization","@id":"https:\/\/metroarquitetos.com.br\/en\/#organization","name":"Metro Arquitetos","url":"https:\/\/metroarquitetos.com.br\/en\/","logo":{"@type":"ImageObject","inLanguage":"en-US","@id":"https:\/\/metroarquitetos.com.br\/en\/#\/schema\/logo\/image\/","url":"https:\/\/metroarquitetos.com.br\/wp-content\/uploads\/2019\/03\/logotipo-metro_01.png","contentUrl":"https:\/\/metroarquitetos.com.br\/wp-content\/uploads\/2019\/03\/logotipo-metro_01.png","width":133,"height":35,"caption":"Metro Arquitetos"},"image":{"@id":"https:\/\/metroarquitetos.com.br\/en\/#\/schema\/logo\/image\/"},"sameAs":["https:\/\/www.facebook.com\/metroarquitetos","https:\/\/www.instagram.com\/metroarquitetos\/","https:\/\/www.linkedin.com\/company\/metro-arquitetos-associados\/"]},{"@type":"Person","@id":"https:\/\/metroarquitetos.com.br\/en\/#\/schema\/person\/11f38810b1242a7596590e42ada025f3","name":"Metro","image":{"@type":"ImageObject","inLanguage":"en-US","@id":"https:\/\/secure.gravatar.com\/avatar\/64f4835922b9cf31b409898bf6df1bd562fde3ca4fdf3cb8bb8522ed1a9234fc?s=96&d=mm&r=g","url":"https:\/\/secure.gravatar.com\/avatar\/64f4835922b9cf31b409898bf6df1bd562fde3ca4fdf3cb8bb8522ed1a9234fc?s=96&d=mm&r=g","contentUrl":"https:\/\/secure.gravatar.com\/avatar\/64f4835922b9cf31b409898bf6df1bd562fde3ca4fdf3cb8bb8522ed1a9234fc?s=96&d=mm&r=g","caption":"Metro"}}]}},"_links":{"self":[{"href":"https:\/\/metroarquitetos.com.br\/en\/wp-json\/wp\/v2\/posts\/4282","targetHints":{"allow":["GET"]}}],"collection":[{"href":"https:\/\/metroarquitetos.com.br\/en\/wp-json\/wp\/v2\/posts"}],"about":[{"href":"https:\/\/metroarquitetos.com.br\/en\/wp-json\/wp\/v2\/types\/post"}],"author":[{"embeddable":true,"href":"https:\/\/metroarquitetos.com.br\/en\/wp-json\/wp\/v2\/users\/2"}],"replies":[{"embeddable":true,"href":"https:\/\/metroarquitetos.com.br\/en\/wp-json\/wp\/v2\/comments?post=4282"}],"version-history":[{"count":1,"href":"https:\/\/metroarquitetos.com.br\/en\/wp-json\/wp\/v2\/posts\/4282\/revisions"}],"predecessor-version":[{"id":4283,"href":"https:\/\/metroarquitetos.com.br\/en\/wp-json\/wp\/v2\/posts\/4282\/revisions\/4283"}],"wp:featuredmedia":[{"embeddable":true,"href":"https:\/\/metroarquitetos.com.br\/en\/wp-json\/wp\/v2\/media\/2469"}],"wp:attachment":[{"href":"https:\/\/metroarquitetos.com.br\/en\/wp-json\/wp\/v2\/media?parent=4282"}],"wp:term":[{"taxonomy":"category","embeddable":true,"href":"https:\/\/metroarquitetos.com.br\/en\/wp-json\/wp\/v2\/categories?post=4282"},{"taxonomy":"post_tag","embeddable":true,"href":"https:\/\/metroarquitetos.com.br\/en\/wp-json\/wp\/v2\/tags?post=4282"}],"curies":[{"name":"wp","href":"https:\/\/api.w.org\/{rel}","templated":true}]}}