{"id":4537,"date":"2018-08-23T17:00:45","date_gmt":"2018-08-23T20:00:45","guid":{"rendered":"https:\/\/metroarquitetos.com.br\/masp-expografias-sao-paulo-2017\/"},"modified":"2024-11-19T12:01:51","modified_gmt":"2024-11-19T15:01:51","slug":"masp-expografias-sao-paulo-2017","status":"publish","type":"post","link":"https:\/\/metroarquitetos.com.br\/en\/project\/masp-expografias-sao-paulo-2017\/","title":{"rendered":"masp exhibition design, s\u00e3o paulo, 2017\/2018"},"content":{"rendered":"<div id=\"attachment_13159\" style=\"width: 2510px\" class=\"wp-caption alignnone\"><a href=\"https:\/\/metroarquitetos.com.br\/wp-content\/uploads\/2018\/08\/17-02-20_EO_4195-Pano_1.jpg\"><img loading=\"lazy\" decoding=\"async\" aria-describedby=\"caption-attachment-13159\" class=\"wp-image-13159 size-full\" title=\"17 02 20 EO 4195 Pano 1\" src=\"https:\/\/metroarquitetos.com.br\/wp-content\/uploads\/2018\/08\/17-02-20_EO_4195-Pano_1.jpg\" alt=\"17 02 20 EO 4195 Pano 1\" width=\"2500\" height=\"1564\" srcset=\"https:\/\/metroarquitetos.com.br\/wp-content\/uploads\/2018\/08\/17-02-20_EO_4195-Pano_1.jpg 2500w, https:\/\/metroarquitetos.com.br\/wp-content\/uploads\/2018\/08\/17-02-20_EO_4195-Pano_1-600x375.jpg 600w, https:\/\/metroarquitetos.com.br\/wp-content\/uploads\/2018\/08\/17-02-20_EO_4195-Pano_1-750x469.jpg 750w, https:\/\/metroarquitetos.com.br\/wp-content\/uploads\/2018\/08\/17-02-20_EO_4195-Pano_1-1120x701.jpg 1120w, https:\/\/metroarquitetos.com.br\/wp-content\/uploads\/2018\/08\/17-02-20_EO_4195-Pano_1-768x480.jpg 768w, https:\/\/metroarquitetos.com.br\/wp-content\/uploads\/2018\/08\/17-02-20_EO_4195-Pano_1-1536x961.jpg 1536w, https:\/\/metroarquitetos.com.br\/wp-content\/uploads\/2018\/08\/17-02-20_EO_4195-Pano_1-2048x1281.jpg 2048w, https:\/\/metroarquitetos.com.br\/wp-content\/uploads\/2018\/08\/17-02-20_EO_4195-Pano_1-500x313.jpg 500w\" sizes=\"auto, (max-width: 2500px) 100vw, 2500px\" \/><\/a><p id=\"caption-attachment-13159\" class=\"wp-caption-text\">1\u00ba pavimento | Avenida Paulista |<\/p><\/div>\n<div id=\"attachment_13139\" style=\"width: 2510px\" class=\"wp-caption alignnone\"><a href=\"https:\/\/metroarquitetos.com.br\/wp-content\/uploads\/2018\/08\/17-02-20_EO_8652-Pano.jpg\"><img loading=\"lazy\" decoding=\"async\" aria-describedby=\"caption-attachment-13139\" class=\"wp-image-13139 size-full\" title=\"17 02 20 EO 8652 Pano\" src=\"https:\/\/metroarquitetos.com.br\/wp-content\/uploads\/2018\/08\/17-02-20_EO_8652-Pano.jpg\" alt=\"17 02 20 EO 8652 Pano\" width=\"2500\" height=\"1068\" srcset=\"https:\/\/metroarquitetos.com.br\/wp-content\/uploads\/2018\/08\/17-02-20_EO_8652-Pano.jpg 2500w, https:\/\/metroarquitetos.com.br\/wp-content\/uploads\/2018\/08\/17-02-20_EO_8652-Pano-600x256.jpg 600w, https:\/\/metroarquitetos.com.br\/wp-content\/uploads\/2018\/08\/17-02-20_EO_8652-Pano-750x320.jpg 750w, https:\/\/metroarquitetos.com.br\/wp-content\/uploads\/2018\/08\/17-02-20_EO_8652-Pano-1120x478.jpg 1120w, https:\/\/metroarquitetos.com.br\/wp-content\/uploads\/2018\/08\/17-02-20_EO_8652-Pano-768x328.jpg 768w, https:\/\/metroarquitetos.com.br\/wp-content\/uploads\/2018\/08\/17-02-20_EO_8652-Pano-1536x656.jpg 1536w, https:\/\/metroarquitetos.com.br\/wp-content\/uploads\/2018\/08\/17-02-20_EO_8652-Pano-2048x875.jpg 2048w, https:\/\/metroarquitetos.com.br\/wp-content\/uploads\/2018\/08\/17-02-20_EO_8652-Pano-500x214.jpg 500w\" sizes=\"auto, (max-width: 2500px) 100vw, 2500px\" \/><\/a><p id=\"caption-attachment-13139\" class=\"wp-caption-text\">1\u00ba pavimento | Avenida Paulista<\/p><\/div>\n<div id=\"attachment_13149\" style=\"width: 2510px\" class=\"wp-caption alignnone\"><a href=\"https:\/\/metroarquitetos.com.br\/wp-content\/uploads\/2018\/08\/DSC5396-Pano.jpg\"><img loading=\"lazy\" decoding=\"async\" aria-describedby=\"caption-attachment-13149\" class=\"wp-image-13149 size-full\" title=\"DSC5396 Pano\" src=\"https:\/\/metroarquitetos.com.br\/wp-content\/uploads\/2018\/08\/DSC5396-Pano.jpg\" alt=\"DSC5396 Pano\" width=\"2500\" height=\"1667\" srcset=\"https:\/\/metroarquitetos.com.br\/wp-content\/uploads\/2018\/08\/DSC5396-Pano.jpg 2500w, https:\/\/metroarquitetos.com.br\/wp-content\/uploads\/2018\/08\/DSC5396-Pano-600x400.jpg 600w, https:\/\/metroarquitetos.com.br\/wp-content\/uploads\/2018\/08\/DSC5396-Pano-750x500.jpg 750w, https:\/\/metroarquitetos.com.br\/wp-content\/uploads\/2018\/08\/DSC5396-Pano-1120x747.jpg 1120w, https:\/\/metroarquitetos.com.br\/wp-content\/uploads\/2018\/08\/DSC5396-Pano-768x512.jpg 768w, https:\/\/metroarquitetos.com.br\/wp-content\/uploads\/2018\/08\/DSC5396-Pano-1536x1024.jpg 1536w, https:\/\/metroarquitetos.com.br\/wp-content\/uploads\/2018\/08\/DSC5396-Pano-2048x1366.jpg 2048w, https:\/\/metroarquitetos.com.br\/wp-content\/uploads\/2018\/08\/DSC5396-Pano-500x333.jpg 500w, https:\/\/metroarquitetos.com.br\/wp-content\/uploads\/2018\/08\/DSC5396-Pano-300x200.jpg 300w\" sizes=\"auto, (max-width: 2500px) 100vw, 2500px\" \/><\/a><p id=\"caption-attachment-13149\" class=\"wp-caption-text\">2\u00ba subsolo | Quem tem medo de Teresinha Soares?<\/p><\/div>\n<div id=\"attachment_13143\" style=\"width: 2510px\" class=\"wp-caption alignnone\"><a href=\"https:\/\/metroarquitetos.com.br\/wp-content\/uploads\/2018\/08\/383139ef807e7f822d59ae3ab409d58cb374b92b.jpg\"><img loading=\"lazy\" decoding=\"async\" aria-describedby=\"caption-attachment-13143\" class=\"wp-image-13143 size-full\" title=\"383139ef807e7f822d59ae3ab409d58cb374b92b\" src=\"https:\/\/metroarquitetos.com.br\/wp-content\/uploads\/2018\/08\/383139ef807e7f822d59ae3ab409d58cb374b92b.jpg\" alt=\"383139ef807e7f822d59ae3ab409d58cb374b92b\" width=\"2500\" height=\"1547\" srcset=\"https:\/\/metroarquitetos.com.br\/wp-content\/uploads\/2018\/08\/383139ef807e7f822d59ae3ab409d58cb374b92b.jpg 2500w, https:\/\/metroarquitetos.com.br\/wp-content\/uploads\/2018\/08\/383139ef807e7f822d59ae3ab409d58cb374b92b-600x371.jpg 600w, https:\/\/metroarquitetos.com.br\/wp-content\/uploads\/2018\/08\/383139ef807e7f822d59ae3ab409d58cb374b92b-750x464.jpg 750w, https:\/\/metroarquitetos.com.br\/wp-content\/uploads\/2018\/08\/383139ef807e7f822d59ae3ab409d58cb374b92b-1120x693.jpg 1120w, https:\/\/metroarquitetos.com.br\/wp-content\/uploads\/2018\/08\/383139ef807e7f822d59ae3ab409d58cb374b92b-768x475.jpg 768w, https:\/\/metroarquitetos.com.br\/wp-content\/uploads\/2018\/08\/383139ef807e7f822d59ae3ab409d58cb374b92b-1536x950.jpg 1536w, https:\/\/metroarquitetos.com.br\/wp-content\/uploads\/2018\/08\/383139ef807e7f822d59ae3ab409d58cb374b92b-2048x1267.jpg 2048w, https:\/\/metroarquitetos.com.br\/wp-content\/uploads\/2018\/08\/383139ef807e7f822d59ae3ab409d58cb374b92b-500x309.jpg 500w\" sizes=\"auto, (max-width: 2500px) 100vw, 2500px\" \/><\/a><p id=\"caption-attachment-13143\" class=\"wp-caption-text\">1\u00ba pavimento | Toulouse-Lautrec em vermelho<\/p><\/div>\n<div id=\"attachment_13141\" style=\"width: 2510px\" class=\"wp-caption alignnone\"><a href=\"https:\/\/metroarquitetos.com.br\/wp-content\/uploads\/2018\/08\/17-10-23_EO_2901-Pano.jpg\"><img loading=\"lazy\" decoding=\"async\" aria-describedby=\"caption-attachment-13141\" class=\"wp-image-13141 size-full\" title=\"17 10 23 EO 2901 Pano\" src=\"https:\/\/metroarquitetos.com.br\/wp-content\/uploads\/2018\/08\/17-10-23_EO_2901-Pano.jpg\" alt=\"17 10 23 EO 2901 Pano\" width=\"2500\" height=\"1042\" srcset=\"https:\/\/metroarquitetos.com.br\/wp-content\/uploads\/2018\/08\/17-10-23_EO_2901-Pano.jpg 2500w, https:\/\/metroarquitetos.com.br\/wp-content\/uploads\/2018\/08\/17-10-23_EO_2901-Pano-600x250.jpg 600w, https:\/\/metroarquitetos.com.br\/wp-content\/uploads\/2018\/08\/17-10-23_EO_2901-Pano-750x313.jpg 750w, https:\/\/metroarquitetos.com.br\/wp-content\/uploads\/2018\/08\/17-10-23_EO_2901-Pano-1120x467.jpg 1120w, https:\/\/metroarquitetos.com.br\/wp-content\/uploads\/2018\/08\/17-10-23_EO_2901-Pano-768x320.jpg 768w, https:\/\/metroarquitetos.com.br\/wp-content\/uploads\/2018\/08\/17-10-23_EO_2901-Pano-1536x640.jpg 1536w, https:\/\/metroarquitetos.com.br\/wp-content\/uploads\/2018\/08\/17-10-23_EO_2901-Pano-2048x854.jpg 2048w, https:\/\/metroarquitetos.com.br\/wp-content\/uploads\/2018\/08\/17-10-23_EO_2901-Pano-500x208.jpg 500w\" sizes=\"auto, (max-width: 2500px) 100vw, 2500px\" \/><\/a><p id=\"caption-attachment-13141\" class=\"wp-caption-text\">1\u00ba subsolo | Pedro Correia de Ara\u00fajo: Er\u00f3tica<\/p><\/div>\n<div id=\"attachment_13151\" style=\"width: 2510px\" class=\"wp-caption alignnone\"><a href=\"https:\/\/metroarquitetos.com.br\/wp-content\/uploads\/2018\/08\/EDUARDO-ORTEGA5.jpg\"><img loading=\"lazy\" decoding=\"async\" aria-describedby=\"caption-attachment-13151\" class=\"wp-image-13151 size-full\" title=\"EDUARDO ORTEGA5\" src=\"https:\/\/metroarquitetos.com.br\/wp-content\/uploads\/2018\/08\/EDUARDO-ORTEGA5.jpg\" alt=\"EDUARDO ORTEGA5\" width=\"2500\" height=\"1365\" srcset=\"https:\/\/metroarquitetos.com.br\/wp-content\/uploads\/2018\/08\/EDUARDO-ORTEGA5.jpg 2500w, https:\/\/metroarquitetos.com.br\/wp-content\/uploads\/2018\/08\/EDUARDO-ORTEGA5-600x328.jpg 600w, https:\/\/metroarquitetos.com.br\/wp-content\/uploads\/2018\/08\/EDUARDO-ORTEGA5-750x410.jpg 750w, https:\/\/metroarquitetos.com.br\/wp-content\/uploads\/2018\/08\/EDUARDO-ORTEGA5-1120x612.jpg 1120w, https:\/\/metroarquitetos.com.br\/wp-content\/uploads\/2018\/08\/EDUARDO-ORTEGA5-768x419.jpg 768w, https:\/\/metroarquitetos.com.br\/wp-content\/uploads\/2018\/08\/EDUARDO-ORTEGA5-1536x839.jpg 1536w, https:\/\/metroarquitetos.com.br\/wp-content\/uploads\/2018\/08\/EDUARDO-ORTEGA5-2048x1118.jpg 2048w, https:\/\/metroarquitetos.com.br\/wp-content\/uploads\/2018\/08\/EDUARDO-ORTEGA5-500x273.jpg 500w\" sizes=\"auto, (max-width: 2500px) 100vw, 2500px\" \/><\/a><p id=\"caption-attachment-13151\" class=\"wp-caption-text\">1\u00ba subsolo | Hist\u00f3rias da Sexualidade<\/p><\/div>\n<div id=\"attachment_13145\" style=\"width: 2510px\" class=\"wp-caption alignnone\"><a href=\"https:\/\/metroarquitetos.com.br\/wp-content\/uploads\/2018\/08\/aleijadinho-2.jpg\"><img loading=\"lazy\" decoding=\"async\" aria-describedby=\"caption-attachment-13145\" class=\"wp-image-13145 size-full\" title=\"aleijadinho\" src=\"https:\/\/metroarquitetos.com.br\/wp-content\/uploads\/2018\/08\/aleijadinho-2.jpg\" alt=\"aleijadinho\" width=\"2500\" height=\"1694\" srcset=\"https:\/\/metroarquitetos.com.br\/wp-content\/uploads\/2018\/08\/aleijadinho-2.jpg 2500w, https:\/\/metroarquitetos.com.br\/wp-content\/uploads\/2018\/08\/aleijadinho-2-600x407.jpg 600w, https:\/\/metroarquitetos.com.br\/wp-content\/uploads\/2018\/08\/aleijadinho-2-750x508.jpg 750w, https:\/\/metroarquitetos.com.br\/wp-content\/uploads\/2018\/08\/aleijadinho-2-1120x759.jpg 1120w, https:\/\/metroarquitetos.com.br\/wp-content\/uploads\/2018\/08\/aleijadinho-2-768x520.jpg 768w, https:\/\/metroarquitetos.com.br\/wp-content\/uploads\/2018\/08\/aleijadinho-2-1536x1041.jpg 1536w, https:\/\/metroarquitetos.com.br\/wp-content\/uploads\/2018\/08\/aleijadinho-2-2048x1388.jpg 2048w, https:\/\/metroarquitetos.com.br\/wp-content\/uploads\/2018\/08\/aleijadinho-2-500x339.jpg 500w\" sizes=\"auto, (max-width: 2500px) 100vw, 2500px\" \/><\/a><p id=\"caption-attachment-13145\" class=\"wp-caption-text\">1\u00ba pavimento | Aleijadinho<\/p><\/div>\n<div id=\"attachment_13147\" style=\"width: 2510px\" class=\"wp-caption alignnone\"><a href=\"https:\/\/metroarquitetos.com.br\/wp-content\/uploads\/2018\/08\/comodato-2.jpg\"><img loading=\"lazy\" decoding=\"async\" aria-describedby=\"caption-attachment-13147\" class=\"wp-image-13147 size-full\" title=\"comodato\" src=\"https:\/\/metroarquitetos.com.br\/wp-content\/uploads\/2018\/08\/comodato-2.jpg\" alt=\"comodato\" width=\"2500\" height=\"1183\" srcset=\"https:\/\/metroarquitetos.com.br\/wp-content\/uploads\/2018\/08\/comodato-2.jpg 2500w, https:\/\/metroarquitetos.com.br\/wp-content\/uploads\/2018\/08\/comodato-2-600x284.jpg 600w, https:\/\/metroarquitetos.com.br\/wp-content\/uploads\/2018\/08\/comodato-2-750x355.jpg 750w, https:\/\/metroarquitetos.com.br\/wp-content\/uploads\/2018\/08\/comodato-2-1120x530.jpg 1120w, https:\/\/metroarquitetos.com.br\/wp-content\/uploads\/2018\/08\/comodato-2-768x363.jpg 768w, https:\/\/metroarquitetos.com.br\/wp-content\/uploads\/2018\/08\/comodato-2-1536x727.jpg 1536w, https:\/\/metroarquitetos.com.br\/wp-content\/uploads\/2018\/08\/comodato-2-2048x969.jpg 2048w, https:\/\/metroarquitetos.com.br\/wp-content\/uploads\/2018\/08\/comodato-2-500x237.jpg 500w\" sizes=\"auto, (max-width: 2500px) 100vw, 2500px\" \/><\/a><p id=\"caption-attachment-13147\" class=\"wp-caption-text\">1\u00ba subsolo | Comodato B3<\/p><\/div>\n<div id=\"attachment_13153\" style=\"width: 2510px\" class=\"wp-caption alignnone\"><a href=\"https:\/\/metroarquitetos.com.br\/wp-content\/uploads\/2018\/08\/emanoel-araujo-2.jpg\"><img loading=\"lazy\" decoding=\"async\" aria-describedby=\"caption-attachment-13153\" class=\"wp-image-13153 size-full\" title=\"emanoel araujo\" src=\"https:\/\/metroarquitetos.com.br\/wp-content\/uploads\/2018\/08\/emanoel-araujo-2.jpg\" alt=\"emanoel araujo\" width=\"2500\" height=\"1342\" srcset=\"https:\/\/metroarquitetos.com.br\/wp-content\/uploads\/2018\/08\/emanoel-araujo-2.jpg 2500w, https:\/\/metroarquitetos.com.br\/wp-content\/uploads\/2018\/08\/emanoel-araujo-2-600x322.jpg 600w, https:\/\/metroarquitetos.com.br\/wp-content\/uploads\/2018\/08\/emanoel-araujo-2-750x403.jpg 750w, https:\/\/metroarquitetos.com.br\/wp-content\/uploads\/2018\/08\/emanoel-araujo-2-1120x601.jpg 1120w, https:\/\/metroarquitetos.com.br\/wp-content\/uploads\/2018\/08\/emanoel-araujo-2-768x412.jpg 768w, https:\/\/metroarquitetos.com.br\/wp-content\/uploads\/2018\/08\/emanoel-araujo-2-1536x825.jpg 1536w, https:\/\/metroarquitetos.com.br\/wp-content\/uploads\/2018\/08\/emanoel-araujo-2-2048x1099.jpg 2048w, https:\/\/metroarquitetos.com.br\/wp-content\/uploads\/2018\/08\/emanoel-araujo-2-500x268.jpg 500w\" sizes=\"auto, (max-width: 2500px) 100vw, 2500px\" \/><\/a><p id=\"caption-attachment-13153\" class=\"wp-caption-text\">2\u00ba subsolo | Emanoel Ara\u00fajo<\/p><\/div>\n<div id=\"attachment_13155\" style=\"width: 2510px\" class=\"wp-caption alignnone\"><a href=\"https:\/\/metroarquitetos.com.br\/wp-content\/uploads\/2018\/08\/maria-auxiliadora-2.jpg\"><img loading=\"lazy\" decoding=\"async\" aria-describedby=\"caption-attachment-13155\" class=\"wp-image-13155 size-full\" title=\"maria auxiliadora\" src=\"https:\/\/metroarquitetos.com.br\/wp-content\/uploads\/2018\/08\/maria-auxiliadora-2.jpg\" alt=\"maria auxiliadora\" width=\"2500\" height=\"1579\" srcset=\"https:\/\/metroarquitetos.com.br\/wp-content\/uploads\/2018\/08\/maria-auxiliadora-2.jpg 2500w, https:\/\/metroarquitetos.com.br\/wp-content\/uploads\/2018\/08\/maria-auxiliadora-2-600x379.jpg 600w, https:\/\/metroarquitetos.com.br\/wp-content\/uploads\/2018\/08\/maria-auxiliadora-2-750x474.jpg 750w, https:\/\/metroarquitetos.com.br\/wp-content\/uploads\/2018\/08\/maria-auxiliadora-2-1120x707.jpg 1120w, https:\/\/metroarquitetos.com.br\/wp-content\/uploads\/2018\/08\/maria-auxiliadora-2-768x485.jpg 768w, https:\/\/metroarquitetos.com.br\/wp-content\/uploads\/2018\/08\/maria-auxiliadora-2-1536x970.jpg 1536w, https:\/\/metroarquitetos.com.br\/wp-content\/uploads\/2018\/08\/maria-auxiliadora-2-2048x1294.jpg 2048w, https:\/\/metroarquitetos.com.br\/wp-content\/uploads\/2018\/08\/maria-auxiliadora-2-500x316.jpg 500w\" sizes=\"auto, (max-width: 2500px) 100vw, 2500px\" \/><\/a><p id=\"caption-attachment-13155\" class=\"wp-caption-text\">1\u00ba subsolo | Maria Auxiliadora<\/p><\/div>\n<div id=\"attachment_13157\" style=\"width: 1678px\" class=\"wp-caption alignnone\"><a href=\"https:\/\/metroarquitetos.com.br\/wp-content\/uploads\/2018\/08\/tunga-2.jpg\"><img loading=\"lazy\" decoding=\"async\" aria-describedby=\"caption-attachment-13157\" class=\"wp-image-13157 size-full\" title=\"tunga\" src=\"https:\/\/metroarquitetos.com.br\/wp-content\/uploads\/2018\/08\/tunga-2.jpg\" alt=\"tunga\" width=\"1668\" height=\"2500\" srcset=\"https:\/\/metroarquitetos.com.br\/wp-content\/uploads\/2018\/08\/tunga-2.jpg 1668w, https:\/\/metroarquitetos.com.br\/wp-content\/uploads\/2018\/08\/tunga-2-600x899.jpg 600w, https:\/\/metroarquitetos.com.br\/wp-content\/uploads\/2018\/08\/tunga-2-500x749.jpg 500w, https:\/\/metroarquitetos.com.br\/wp-content\/uploads\/2018\/08\/tunga-2-747x1120.jpg 747w, https:\/\/metroarquitetos.com.br\/wp-content\/uploads\/2018\/08\/tunga-2-768x1151.jpg 768w, https:\/\/metroarquitetos.com.br\/wp-content\/uploads\/2018\/08\/tunga-2-1025x1536.jpg 1025w, https:\/\/metroarquitetos.com.br\/wp-content\/uploads\/2018\/08\/tunga-2-1366x2048.jpg 1366w\" sizes=\"auto, (max-width: 1668px) 100vw, 1668px\" \/><\/a><p id=\"caption-attachment-13157\" class=\"wp-caption-text\"><em>2\u00ba subsolo | O corpo em obras <\/em><\/p><\/div>\n<div class=\"flex-shrink-0 flex flex-col relative items-end\">\n<div>\n<div class=\"pt-0\">\n<div class=\"gizmo-bot-avatar flex h-8 w-8 items-center justify-center overflow-hidden rounded-full\">\n<div class=\"relative p-1 rounded-sm flex items-center justify-center bg-token-main-surface-primary text-token-text-primary h-8 w-8\"><\/div>\n<\/div>\n<\/div>\n<\/div>\n<\/div>\n<div class=\"group\/conversation-turn relative flex w-full min-w-0 flex-col agent-turn\">\n<div class=\"flex-col gap-1 md:gap-3\">\n<div class=\"flex max-w-full flex-col flex-grow\">\n<div class=\"min-h-8 text-message flex w-full flex-col items-end gap-2 whitespace-normal break-words [.text-message+&amp;]:mt-5\" dir=\"auto\" data-message-author-role=\"assistant\" data-message-id=\"22d7e60d-3f3a-4d86-bb4b-249f536e9398\" data-message-model-slug=\"gpt-4o-mini\">\n<div class=\"flex w-full flex-col gap-1 empty:hidden first:pt-[3px]\">\n<div class=\"markdown prose w-full break-words dark:prose-invert light\">\n<p><strong>Technical Specifications:<\/strong><\/p>\n<p><strong>Project Type:<\/strong> Exhibition Design<br \/>\n<strong>Project Year:<\/strong> 2017\/2018<br \/>\n<strong>Location:<\/strong> MASP, S\u00e3o Paulo, SP<br \/>\n<strong>Area:<\/strong> 3,684 m\u00b2<br \/>\n<strong>Architectural Design:<\/strong> Gustavo Cedroni, Mart\u00edn Corull\u00f3n, Marina Ioshii, Juliana Ziebell, and Stella Bloise<br \/>\n<strong>Lighting Design:<\/strong> Fernanda Carvalho<br \/>\n<strong>Photography:<\/strong> Eduardo Ortega<\/p>\n<\/div>\n<\/div>\n<\/div>\n<\/div>\n<\/div>\n<\/div>\n","protected":false},"excerpt":{"rendered":"<p>Technical Specifications: Project Type: Exhibition Design Project Year: 2017\/2018 Location: MASP, S\u00e3o Paulo, SP Area: 3,684 m\u00b2 Architectural Design: Gustavo Cedroni, Mart\u00edn Corull\u00f3n, Marina Ioshii, Juliana Ziebell, and Stella Bloise Lighting Design: Fernanda Carvalho Photography: Eduardo Ortega<\/p>\n","protected":false},"author":5,"featured_media":4534,"comment_status":"closed","ping_status":"closed","sticky":false,"template":"","format":"standard","meta":{"footnotes":""},"categories":[115,48],"tags":[419,420,432,376,405,421],"class_list":["post-4537","post","type-post","status-publish","format-standard","has-post-thumbnail","hentry","category-client","category-project","tag-america-do-sul-en","tag-brasil-en","tag-complete","tag-exhibition","tag-sao-paulo-en","tag-sao-paulo-en-2"],"yoast_head":"<!-- This site is optimized with the Yoast SEO plugin v27.4 - https:\/\/yoast.com\/product\/yoast-seo-wordpress\/ -->\n<title>masp exhibition design, s\u00e3o paulo, 2017\/2018 - Metro Arquitetos<\/title>\n<meta name=\"description\" content=\"METRO ARQUITETOS ASSOCIADOS \u00e9 um escrit\u00f3rio de arquitetura que desenvolve projetos em diversas escalas, de instala\u00e7\u00f5es tempor\u00e1rias a interven\u00e7\u00f5es urbanas.\" \/>\n<meta name=\"robots\" content=\"index, follow, max-snippet:-1, max-image-preview:large, max-video-preview:-1\" \/>\n<link rel=\"canonical\" href=\"https:\/\/metroarquitetos.com.br\/en\/project\/masp-expografias-sao-paulo-2017\/\" \/>\n<meta property=\"og:locale\" content=\"en_US\" \/>\n<meta property=\"og:type\" content=\"article\" \/>\n<meta property=\"og:title\" content=\"masp exhibition design, s\u00e3o paulo, 2017\/2018 - Metro Arquitetos\" \/>\n<meta property=\"og:description\" content=\"METRO ARQUITETOS ASSOCIADOS \u00e9 um escrit\u00f3rio de arquitetura que desenvolve projetos em diversas escalas, de instala\u00e7\u00f5es tempor\u00e1rias a interven\u00e7\u00f5es urbanas.\" \/>\n<meta property=\"og:url\" content=\"https:\/\/metroarquitetos.com.br\/en\/project\/masp-expografias-sao-paulo-2017\/\" \/>\n<meta property=\"og:site_name\" content=\"Metro Arquitetos\" \/>\n<meta property=\"article:publisher\" content=\"https:\/\/www.facebook.com\/metroarquitetos\" \/>\n<meta property=\"article:published_time\" content=\"2018-08-23T20:00:45+00:00\" \/>\n<meta property=\"article:modified_time\" content=\"2024-11-19T15:01:51+00:00\" \/>\n<meta property=\"og:image\" content=\"https:\/\/metroarquitetos.com.br\/wp-content\/uploads\/2018\/08\/capa-1.jpg\" \/>\n\t<meta property=\"og:image:width\" content=\"944\" \/>\n\t<meta property=\"og:image:height\" content=\"320\" \/>\n\t<meta property=\"og:image:type\" content=\"image\/jpeg\" \/>\n<meta name=\"author\" content=\"Stella\" \/>\n<meta name=\"twitter:card\" content=\"summary_large_image\" \/>\n<meta name=\"twitter:label1\" content=\"Written by\" \/>\n\t<meta name=\"twitter:data1\" content=\"Stella\" \/>\n\t<meta name=\"twitter:label2\" content=\"Est. reading time\" \/>\n\t<meta name=\"twitter:data2\" content=\"4 minutes\" \/>\n<script type=\"application\/ld+json\" class=\"yoast-schema-graph\">{\"@context\":\"https:\\\/\\\/schema.org\",\"@graph\":[{\"@type\":\"Article\",\"@id\":\"https:\\\/\\\/metroarquitetos.com.br\\\/en\\\/project\\\/masp-expografias-sao-paulo-2017\\\/#article\",\"isPartOf\":{\"@id\":\"https:\\\/\\\/metroarquitetos.com.br\\\/en\\\/project\\\/masp-expografias-sao-paulo-2017\\\/\"},\"author\":{\"name\":\"Stella\",\"@id\":\"https:\\\/\\\/metroarquitetos.com.br\\\/en\\\/#\\\/schema\\\/person\\\/018f0868a3775ee733a63ebd0eb69cd1\"},\"headline\":\"masp exhibition design, s\u00e3o paulo, 2017\\\/2018\",\"datePublished\":\"2018-08-23T20:00:45+00:00\",\"dateModified\":\"2024-11-19T15:01:51+00:00\",\"mainEntityOfPage\":{\"@id\":\"https:\\\/\\\/metroarquitetos.com.br\\\/en\\\/project\\\/masp-expografias-sao-paulo-2017\\\/\"},\"wordCount\":168,\"publisher\":{\"@id\":\"https:\\\/\\\/metroarquitetos.com.br\\\/en\\\/#organization\"},\"image\":{\"@id\":\"https:\\\/\\\/metroarquitetos.com.br\\\/en\\\/project\\\/masp-expografias-sao-paulo-2017\\\/#primaryimage\"},\"thumbnailUrl\":\"https:\\\/\\\/metroarquitetos.com.br\\\/wp-content\\\/uploads\\\/2018\\\/08\\\/capa-1.jpg\",\"keywords\":[\"am\u00e9rica do sul\",\"brasil\",\"complete\",\"exhibition\",\"s\u00e3o paulo\",\"s\u00e3o paulo\"],\"articleSection\":[\"Client\",\"Project\"],\"inLanguage\":\"en-US\"},{\"@type\":\"WebPage\",\"@id\":\"https:\\\/\\\/metroarquitetos.com.br\\\/en\\\/project\\\/masp-expografias-sao-paulo-2017\\\/\",\"url\":\"https:\\\/\\\/metroarquitetos.com.br\\\/en\\\/project\\\/masp-expografias-sao-paulo-2017\\\/\",\"name\":\"masp exhibition design, s\u00e3o paulo, 2017\\\/2018 - Metro Arquitetos\",\"isPartOf\":{\"@id\":\"https:\\\/\\\/metroarquitetos.com.br\\\/en\\\/#website\"},\"primaryImageOfPage\":{\"@id\":\"https:\\\/\\\/metroarquitetos.com.br\\\/en\\\/project\\\/masp-expografias-sao-paulo-2017\\\/#primaryimage\"},\"image\":{\"@id\":\"https:\\\/\\\/metroarquitetos.com.br\\\/en\\\/project\\\/masp-expografias-sao-paulo-2017\\\/#primaryimage\"},\"thumbnailUrl\":\"https:\\\/\\\/metroarquitetos.com.br\\\/wp-content\\\/uploads\\\/2018\\\/08\\\/capa-1.jpg\",\"datePublished\":\"2018-08-23T20:00:45+00:00\",\"dateModified\":\"2024-11-19T15:01:51+00:00\",\"description\":\"METRO ARQUITETOS ASSOCIADOS \u00e9 um escrit\u00f3rio de arquitetura que desenvolve projetos em diversas escalas, de instala\u00e7\u00f5es tempor\u00e1rias a interven\u00e7\u00f5es urbanas.\",\"breadcrumb\":{\"@id\":\"https:\\\/\\\/metroarquitetos.com.br\\\/en\\\/project\\\/masp-expografias-sao-paulo-2017\\\/#breadcrumb\"},\"inLanguage\":\"en-US\",\"potentialAction\":[{\"@type\":\"ReadAction\",\"target\":[\"https:\\\/\\\/metroarquitetos.com.br\\\/en\\\/project\\\/masp-expografias-sao-paulo-2017\\\/\"]}]},{\"@type\":\"ImageObject\",\"inLanguage\":\"en-US\",\"@id\":\"https:\\\/\\\/metroarquitetos.com.br\\\/en\\\/project\\\/masp-expografias-sao-paulo-2017\\\/#primaryimage\",\"url\":\"https:\\\/\\\/metroarquitetos.com.br\\\/wp-content\\\/uploads\\\/2018\\\/08\\\/capa-1.jpg\",\"contentUrl\":\"https:\\\/\\\/metroarquitetos.com.br\\\/wp-content\\\/uploads\\\/2018\\\/08\\\/capa-1.jpg\",\"width\":944,\"height\":320},{\"@type\":\"BreadcrumbList\",\"@id\":\"https:\\\/\\\/metroarquitetos.com.br\\\/en\\\/project\\\/masp-expografias-sao-paulo-2017\\\/#breadcrumb\",\"itemListElement\":[{\"@type\":\"ListItem\",\"position\":1,\"name\":\"In\u00edcio\",\"item\":\"https:\\\/\\\/metroarquitetos.com.br\\\/en\\\/?lang=en\"},{\"@type\":\"ListItem\",\"position\":2,\"name\":\"masp exhibition design, s\u00e3o paulo, 2017\\\/2018\"}]},{\"@type\":\"WebSite\",\"@id\":\"https:\\\/\\\/metroarquitetos.com.br\\\/en\\\/#website\",\"url\":\"https:\\\/\\\/metroarquitetos.com.br\\\/en\\\/\",\"name\":\"Metro Arquitetos\",\"description\":\"Metro Arquitetos Associados \u00e9 um escrit\u00f3rio de arquitetura que desenvolve projetos em diversas escalas, de instala\u00e7\u00f5es tempor\u00e1rias a interven\u00e7\u00f5es urbanas.\",\"publisher\":{\"@id\":\"https:\\\/\\\/metroarquitetos.com.br\\\/en\\\/#organization\"},\"potentialAction\":[{\"@type\":\"SearchAction\",\"target\":{\"@type\":\"EntryPoint\",\"urlTemplate\":\"https:\\\/\\\/metroarquitetos.com.br\\\/en\\\/?s={search_term_string}\"},\"query-input\":{\"@type\":\"PropertyValueSpecification\",\"valueRequired\":true,\"valueName\":\"search_term_string\"}}],\"inLanguage\":\"en-US\"},{\"@type\":\"Organization\",\"@id\":\"https:\\\/\\\/metroarquitetos.com.br\\\/en\\\/#organization\",\"name\":\"Metro Arquitetos\",\"url\":\"https:\\\/\\\/metroarquitetos.com.br\\\/en\\\/\",\"logo\":{\"@type\":\"ImageObject\",\"inLanguage\":\"en-US\",\"@id\":\"https:\\\/\\\/metroarquitetos.com.br\\\/en\\\/#\\\/schema\\\/logo\\\/image\\\/\",\"url\":\"https:\\\/\\\/metroarquitetos.com.br\\\/wp-content\\\/uploads\\\/2019\\\/03\\\/logotipo-metro_01.png\",\"contentUrl\":\"https:\\\/\\\/metroarquitetos.com.br\\\/wp-content\\\/uploads\\\/2019\\\/03\\\/logotipo-metro_01.png\",\"width\":133,\"height\":35,\"caption\":\"Metro Arquitetos\"},\"image\":{\"@id\":\"https:\\\/\\\/metroarquitetos.com.br\\\/en\\\/#\\\/schema\\\/logo\\\/image\\\/\"},\"sameAs\":[\"https:\\\/\\\/www.facebook.com\\\/metroarquitetos\",\"https:\\\/\\\/www.instagram.com\\\/metroarquitetos\\\/\",\"https:\\\/\\\/www.linkedin.com\\\/company\\\/metro-arquitetos-associados\\\/\"]},{\"@type\":\"Person\",\"@id\":\"https:\\\/\\\/metroarquitetos.com.br\\\/en\\\/#\\\/schema\\\/person\\\/018f0868a3775ee733a63ebd0eb69cd1\",\"name\":\"Stella\",\"image\":{\"@type\":\"ImageObject\",\"inLanguage\":\"en-US\",\"@id\":\"https:\\\/\\\/secure.gravatar.com\\\/avatar\\\/e4ed5c5470047eda4366c4a6e71261ca835d4bae85a6626af4b78d4f08a9fcbc?s=96&d=mm&r=g\",\"url\":\"https:\\\/\\\/secure.gravatar.com\\\/avatar\\\/e4ed5c5470047eda4366c4a6e71261ca835d4bae85a6626af4b78d4f08a9fcbc?s=96&d=mm&r=g\",\"contentUrl\":\"https:\\\/\\\/secure.gravatar.com\\\/avatar\\\/e4ed5c5470047eda4366c4a6e71261ca835d4bae85a6626af4b78d4f08a9fcbc?s=96&d=mm&r=g\",\"caption\":\"Stella\"}}]}<\/script>\n<!-- \/ Yoast SEO plugin. -->","yoast_head_json":{"title":"masp exhibition design, s\u00e3o paulo, 2017\/2018 - Metro Arquitetos","description":"METRO ARQUITETOS ASSOCIADOS \u00e9 um escrit\u00f3rio de arquitetura que desenvolve projetos em diversas escalas, de instala\u00e7\u00f5es tempor\u00e1rias a interven\u00e7\u00f5es urbanas.","robots":{"index":"index","follow":"follow","max-snippet":"max-snippet:-1","max-image-preview":"max-image-preview:large","max-video-preview":"max-video-preview:-1"},"canonical":"https:\/\/metroarquitetos.com.br\/en\/project\/masp-expografias-sao-paulo-2017\/","og_locale":"en_US","og_type":"article","og_title":"masp exhibition design, s\u00e3o paulo, 2017\/2018 - Metro Arquitetos","og_description":"METRO ARQUITETOS ASSOCIADOS \u00e9 um escrit\u00f3rio de arquitetura que desenvolve projetos em diversas escalas, de instala\u00e7\u00f5es tempor\u00e1rias a interven\u00e7\u00f5es urbanas.","og_url":"https:\/\/metroarquitetos.com.br\/en\/project\/masp-expografias-sao-paulo-2017\/","og_site_name":"Metro Arquitetos","article_publisher":"https:\/\/www.facebook.com\/metroarquitetos","article_published_time":"2018-08-23T20:00:45+00:00","article_modified_time":"2024-11-19T15:01:51+00:00","og_image":[{"width":944,"height":320,"url":"https:\/\/metroarquitetos.com.br\/wp-content\/uploads\/2018\/08\/capa-1.jpg","type":"image\/jpeg"}],"author":"Stella","twitter_card":"summary_large_image","twitter_misc":{"Written by":"Stella","Est. reading time":"4 minutes"},"schema":{"@context":"https:\/\/schema.org","@graph":[{"@type":"Article","@id":"https:\/\/metroarquitetos.com.br\/en\/project\/masp-expografias-sao-paulo-2017\/#article","isPartOf":{"@id":"https:\/\/metroarquitetos.com.br\/en\/project\/masp-expografias-sao-paulo-2017\/"},"author":{"name":"Stella","@id":"https:\/\/metroarquitetos.com.br\/en\/#\/schema\/person\/018f0868a3775ee733a63ebd0eb69cd1"},"headline":"masp exhibition design, s\u00e3o paulo, 2017\/2018","datePublished":"2018-08-23T20:00:45+00:00","dateModified":"2024-11-19T15:01:51+00:00","mainEntityOfPage":{"@id":"https:\/\/metroarquitetos.com.br\/en\/project\/masp-expografias-sao-paulo-2017\/"},"wordCount":168,"publisher":{"@id":"https:\/\/metroarquitetos.com.br\/en\/#organization"},"image":{"@id":"https:\/\/metroarquitetos.com.br\/en\/project\/masp-expografias-sao-paulo-2017\/#primaryimage"},"thumbnailUrl":"https:\/\/metroarquitetos.com.br\/wp-content\/uploads\/2018\/08\/capa-1.jpg","keywords":["am\u00e9rica do sul","brasil","complete","exhibition","s\u00e3o paulo","s\u00e3o paulo"],"articleSection":["Client","Project"],"inLanguage":"en-US"},{"@type":"WebPage","@id":"https:\/\/metroarquitetos.com.br\/en\/project\/masp-expografias-sao-paulo-2017\/","url":"https:\/\/metroarquitetos.com.br\/en\/project\/masp-expografias-sao-paulo-2017\/","name":"masp exhibition design, s\u00e3o paulo, 2017\/2018 - Metro Arquitetos","isPartOf":{"@id":"https:\/\/metroarquitetos.com.br\/en\/#website"},"primaryImageOfPage":{"@id":"https:\/\/metroarquitetos.com.br\/en\/project\/masp-expografias-sao-paulo-2017\/#primaryimage"},"image":{"@id":"https:\/\/metroarquitetos.com.br\/en\/project\/masp-expografias-sao-paulo-2017\/#primaryimage"},"thumbnailUrl":"https:\/\/metroarquitetos.com.br\/wp-content\/uploads\/2018\/08\/capa-1.jpg","datePublished":"2018-08-23T20:00:45+00:00","dateModified":"2024-11-19T15:01:51+00:00","description":"METRO ARQUITETOS ASSOCIADOS \u00e9 um escrit\u00f3rio de arquitetura que desenvolve projetos em diversas escalas, de instala\u00e7\u00f5es tempor\u00e1rias a interven\u00e7\u00f5es urbanas.","breadcrumb":{"@id":"https:\/\/metroarquitetos.com.br\/en\/project\/masp-expografias-sao-paulo-2017\/#breadcrumb"},"inLanguage":"en-US","potentialAction":[{"@type":"ReadAction","target":["https:\/\/metroarquitetos.com.br\/en\/project\/masp-expografias-sao-paulo-2017\/"]}]},{"@type":"ImageObject","inLanguage":"en-US","@id":"https:\/\/metroarquitetos.com.br\/en\/project\/masp-expografias-sao-paulo-2017\/#primaryimage","url":"https:\/\/metroarquitetos.com.br\/wp-content\/uploads\/2018\/08\/capa-1.jpg","contentUrl":"https:\/\/metroarquitetos.com.br\/wp-content\/uploads\/2018\/08\/capa-1.jpg","width":944,"height":320},{"@type":"BreadcrumbList","@id":"https:\/\/metroarquitetos.com.br\/en\/project\/masp-expografias-sao-paulo-2017\/#breadcrumb","itemListElement":[{"@type":"ListItem","position":1,"name":"In\u00edcio","item":"https:\/\/metroarquitetos.com.br\/en\/?lang=en"},{"@type":"ListItem","position":2,"name":"masp exhibition design, s\u00e3o paulo, 2017\/2018"}]},{"@type":"WebSite","@id":"https:\/\/metroarquitetos.com.br\/en\/#website","url":"https:\/\/metroarquitetos.com.br\/en\/","name":"Metro Arquitetos","description":"Metro Arquitetos Associados \u00e9 um escrit\u00f3rio de arquitetura que desenvolve projetos em diversas escalas, de instala\u00e7\u00f5es tempor\u00e1rias a interven\u00e7\u00f5es urbanas.","publisher":{"@id":"https:\/\/metroarquitetos.com.br\/en\/#organization"},"potentialAction":[{"@type":"SearchAction","target":{"@type":"EntryPoint","urlTemplate":"https:\/\/metroarquitetos.com.br\/en\/?s={search_term_string}"},"query-input":{"@type":"PropertyValueSpecification","valueRequired":true,"valueName":"search_term_string"}}],"inLanguage":"en-US"},{"@type":"Organization","@id":"https:\/\/metroarquitetos.com.br\/en\/#organization","name":"Metro Arquitetos","url":"https:\/\/metroarquitetos.com.br\/en\/","logo":{"@type":"ImageObject","inLanguage":"en-US","@id":"https:\/\/metroarquitetos.com.br\/en\/#\/schema\/logo\/image\/","url":"https:\/\/metroarquitetos.com.br\/wp-content\/uploads\/2019\/03\/logotipo-metro_01.png","contentUrl":"https:\/\/metroarquitetos.com.br\/wp-content\/uploads\/2019\/03\/logotipo-metro_01.png","width":133,"height":35,"caption":"Metro Arquitetos"},"image":{"@id":"https:\/\/metroarquitetos.com.br\/en\/#\/schema\/logo\/image\/"},"sameAs":["https:\/\/www.facebook.com\/metroarquitetos","https:\/\/www.instagram.com\/metroarquitetos\/","https:\/\/www.linkedin.com\/company\/metro-arquitetos-associados\/"]},{"@type":"Person","@id":"https:\/\/metroarquitetos.com.br\/en\/#\/schema\/person\/018f0868a3775ee733a63ebd0eb69cd1","name":"Stella","image":{"@type":"ImageObject","inLanguage":"en-US","@id":"https:\/\/secure.gravatar.com\/avatar\/e4ed5c5470047eda4366c4a6e71261ca835d4bae85a6626af4b78d4f08a9fcbc?s=96&d=mm&r=g","url":"https:\/\/secure.gravatar.com\/avatar\/e4ed5c5470047eda4366c4a6e71261ca835d4bae85a6626af4b78d4f08a9fcbc?s=96&d=mm&r=g","contentUrl":"https:\/\/secure.gravatar.com\/avatar\/e4ed5c5470047eda4366c4a6e71261ca835d4bae85a6626af4b78d4f08a9fcbc?s=96&d=mm&r=g","caption":"Stella"}}]}},"_links":{"self":[{"href":"https:\/\/metroarquitetos.com.br\/en\/wp-json\/wp\/v2\/posts\/4537","targetHints":{"allow":["GET"]}}],"collection":[{"href":"https:\/\/metroarquitetos.com.br\/en\/wp-json\/wp\/v2\/posts"}],"about":[{"href":"https:\/\/metroarquitetos.com.br\/en\/wp-json\/wp\/v2\/types\/post"}],"author":[{"embeddable":true,"href":"https:\/\/metroarquitetos.com.br\/en\/wp-json\/wp\/v2\/users\/5"}],"replies":[{"embeddable":true,"href":"https:\/\/metroarquitetos.com.br\/en\/wp-json\/wp\/v2\/comments?post=4537"}],"version-history":[{"count":5,"href":"https:\/\/metroarquitetos.com.br\/en\/wp-json\/wp\/v2\/posts\/4537\/revisions"}],"predecessor-version":[{"id":16021,"href":"https:\/\/metroarquitetos.com.br\/en\/wp-json\/wp\/v2\/posts\/4537\/revisions\/16021"}],"wp:featuredmedia":[{"embeddable":true,"href":"https:\/\/metroarquitetos.com.br\/en\/wp-json\/wp\/v2\/media\/4534"}],"wp:attachment":[{"href":"https:\/\/metroarquitetos.com.br\/en\/wp-json\/wp\/v2\/media?parent=4537"}],"wp:term":[{"taxonomy":"category","embeddable":true,"href":"https:\/\/metroarquitetos.com.br\/en\/wp-json\/wp\/v2\/categories?post=4537"},{"taxonomy":"post_tag","embeddable":true,"href":"https:\/\/metroarquitetos.com.br\/en\/wp-json\/wp\/v2\/tags?post=4537"}],"curies":[{"name":"wp","href":"https:\/\/api.w.org\/{rel}","templated":true}]}}